{"id":271577,"date":"2023-01-20T20:44:39","date_gmt":"2023-01-20T18:44:39","guid":{"rendered":"http:\/\/107.6.182.27\/tr\/?p=271577"},"modified":"2023-01-21T08:08:51","modified_gmt":"2023-01-21T06:08:51","slug":"el-tenfte-amerikan-isgal-guclerini-hedef-alan-iha-saldirisinda-iki-terorist-yaralandi","status":"publish","type":"post","link":"https:\/\/archive.sana.sy\/tr\/?p=271577","title":{"rendered":"El Tenf&#8217;te Amerikan \u0130\u015fgal G\u00fc\u00e7lerini Hedef Alan \u0130HA Sald\u0131r\u0131s\u0131nda \u0130ki Ter\u00f6rist Yaraland\u0131"},"content":{"rendered":"<p>WASH\u0130NGTON &#8211; Suriye-Irak s\u0131n\u0131r\u0131ndaki Homs ili do\u011fu k\u0131rsal\u0131ndaki yasad\u0131\u015f\u0131 el Tenf \u00fcss\u00fcne bug\u00fcn Amerikan i\u015fgal g\u00fc\u00e7lerini hedef alan insans\u0131z hava ara\u00e7lar\u0131n\u0131n sald\u0131r\u0131s\u0131 sonucu iki ter\u00f6rist yaraland\u0131.<\/p>\n<p>ABD Merkez Komutanl\u0131\u011f\u0131 yapt\u0131\u011f\u0131 a\u00e7\u0131klamada, &#8220;Bu sabah El Tenf \u00fcss\u00fcne \u00fc\u00e7 insans\u0131z hava arac\u0131 sald\u0131rd\u0131, ikisi d\u00fc\u015f\u00fcr\u00fcld\u00fc, biri yerle\u015fkeyi vurdu ve ABD g\u00fc\u00e7lerinden hi\u00e7biri yaralanmad\u0131&#8221; diye a\u00e7\u0131klama yapt\u0131.<\/p>\n<p>Sald\u0131r\u0131, onlar\u0131 \u00fcste koruyan ve e\u011fiten Amerikan i\u015fgal g\u00fc\u00e7lerinin paral\u0131 askerleri olan iki ter\u00f6ristin yaralanmas\u0131yla sonu\u00e7land\u0131.<\/p>\n<p><a href=\"https:\/\/t.me\/SuriyeArapHaberAjansI\">Telegram Kanal\u0131m\u0131z\u00a0<\/a><\/p>\n<p><a href=\"https:\/\/www.facebook.com\/SANAHaberAjansi\/\">Facebook Sayfam\u0131z<\/a><\/p>\n","protected":false},"excerpt":{"rendered":"<p>WASH\u0130NGTON &#8211; Suriye-Irak s\u0131n\u0131r\u0131ndaki Homs ili do\u011fu k\u0131rsal\u0131ndaki yasad\u0131\u015f\u0131 el Tenf \u00fcss\u00fcne bug\u00fcn Amerikan i\u015fgal g\u00fc\u00e7lerini hedef alan insans\u0131z hava ara\u00e7lar\u0131n\u0131n sald\u0131r\u0131s\u0131 sonucu iki ter\u00f6rist yaraland\u0131. ABD Merkez Komutanl\u0131\u011f\u0131 yapt\u0131\u011f\u0131 a\u00e7\u0131klamada, &#8220;Bu sabah El Tenf \u00fcss\u00fcne \u00fc\u00e7 insans\u0131z hava arac\u0131 sald\u0131rd\u0131, ikisi d\u00fc\u015f\u00fcr\u00fcld\u00fc, biri yerle\u015fkeyi vurdu ve ABD g\u00fc\u00e7lerinden hi\u00e7biri yaralanmad\u0131&#8221; diye a\u00e7\u0131klama yapt\u0131. Sald\u0131r\u0131, &hellip;<\/p>\n","protected":false},"author":1,"featured_media":271578,"comment_status":"closed","ping_status":"closed","sticky":false,"template":"","format":"standard","meta":{"footnotes":""},"categories":[479,17988,478],"tags":[],"class_list":["post-271577","post","type-post","status-publish","format-standard","has-post-thumbnail","","category-haberler-yerel","category-son-haberler","category-yerel"],"_links":{"self":[{"href":"https:\/\/archive.sana.sy\/tr\/index.php?rest_route=\/wp\/v2\/posts\/271577","targetHints":{"allow":["GET"]}}],"collection":[{"href":"https:\/\/archive.sana.sy\/tr\/index.php?rest_route=\/wp\/v2\/posts"}],"about":[{"href":"https:\/\/archive.sana.sy\/tr\/index.php?rest_route=\/wp\/v2\/types\/post"}],"author":[{"embeddable":true,"href":"https:\/\/archive.sana.sy\/tr\/index.php?rest_route=\/wp\/v2\/users\/1"}],"replies":[{"embeddable":true,"href":"https:\/\/archive.sana.sy\/tr\/index.php?rest_route=%2Fwp%2Fv2%2Fcomments&post=271577"}],"version-history":[{"count":0,"href":"https:\/\/archive.sana.sy\/tr\/index.php?rest_route=\/wp\/v2\/posts\/271577\/revisions"}],"wp:featuredmedia":[{"embeddable":true,"href":"https:\/\/archive.sana.sy\/tr\/index.php?rest_route=\/wp\/v2\/media\/271578"}],"wp:attachment":[{"href":"https:\/\/archive.sana.sy\/tr\/index.php?rest_route=%2Fwp%2Fv2%2Fmedia&parent=271577"}],"wp:term":[{"taxonomy":"category","embeddable":true,"href":"https:\/\/archive.sana.sy\/tr\/index.php?rest_route=%2Fwp%2Fv2%2Fcategories&post=271577"},{"taxonomy":"post_tag","embeddable":true,"href":"https:\/\/archive.sana.sy\/tr\/index.php?rest_route=%2Fwp%2Fv2%2Ftags&post=271577"}],"curies":[{"name":"wp","href":"https:\/\/api.w.org\/{rel}","templated":true}]}}