{"id":271611,"date":"2023-01-21T12:55:58","date_gmt":"2023-01-21T10:55:58","guid":{"rendered":"http:\/\/107.6.182.27\/tr\/?p=271611"},"modified":"2023-01-22T12:07:47","modified_gmt":"2023-01-22T10:07:47","slug":"idlibin-kurtarilan-guney-kirsalindaki-al-tah-beldesinde-iletisim-merkezi-acildi","status":"publish","type":"post","link":"https:\/\/archive.sana.sy\/tr\/?p=271611","title":{"rendered":"\u0130dlib&#8217;in Kurtar\u0131lan G\u00fcney K\u0131rsal\u0131ndaki Al Tah Beldesinde \u0130leti\u015fim Merkezi A\u00e7\u0131ld\u0131"},"content":{"rendered":"<p style=\"text-align: justify;\">\u0130DL\u0130B &#8211; \u0130leti\u015fim ve Teknoloji Bakan\u0131 M\u00fch. \u0130yad Al Hatib bug\u00fcn, \u0130dlib&#8217;in kurtar\u0131lm\u0131\u015f g\u00fcney k\u0131rsal\u0131ndaki Al Tah beldesinde bir ileti\u015fim merkezinin a\u00e7\u0131l\u0131\u015f\u0131n\u0131 yapt\u0131.<\/p>\n<p style=\"text-align: justify;\">Al Hatib, gazetecilere yapt\u0131\u011f\u0131 a\u00e7\u0131klamada, ge\u00e7ti\u011fimiz aylarda binas\u0131 modern teknolojilerle rehabilite edilen merkeze, geni\u015fletilebilir 256 internet kap\u0131s\u0131 ile toplam 1.000 geni\u015fletilebilir telefon numaras\u0131 kapasiteli bir telefon santrali kuruldu\u011funu, motorlar, enerji tasarrufu ve dijital iletim cihazlar\u0131 dahil olmak \u00fczere merkez i\u00e7in gerekli i\u015fletim gereksinimlerinin kuruldu\u011funa a\u00e7\u0131klad\u0131.<\/p>\n<p style=\"text-align: justify;\">Al Hatib: &#8220;Ge\u00e7ti\u011fimiz y\u0131llarda silahl\u0131 ter\u00f6r \u00f6rg\u00fctlerinin b\u00f6lgede konu\u015fland\u0131klar\u0131 s\u0131rada \u00e7ald\u0131\u011f\u0131 ve tahrip etti\u011fi \u015febeke yerine Al Tah beldesinde ana ve tali bak\u0131r \u015febeke hayata ge\u00e7irildi&#8221; dedi.<\/p>\n<p><a href=\"https:\/\/t.me\/SuriyeArapHaberAjansI\">Telegram Kanal\u0131m\u0131z\u00a0<\/a><\/p>\n<p><a href=\"https:\/\/www.facebook.com\/SANAHaberAjansi\/\">Facebook Sayfam\u0131z<\/a><\/p>\n<p style=\"text-align: justify;\">\n","protected":false},"excerpt":{"rendered":"<p>\u0130DL\u0130B &#8211; \u0130leti\u015fim ve Teknoloji Bakan\u0131 M\u00fch. \u0130yad Al Hatib bug\u00fcn, \u0130dlib&#8217;in kurtar\u0131lm\u0131\u015f g\u00fcney k\u0131rsal\u0131ndaki Al Tah beldesinde bir ileti\u015fim merkezinin a\u00e7\u0131l\u0131\u015f\u0131n\u0131 yapt\u0131. Al Hatib, gazetecilere yapt\u0131\u011f\u0131 a\u00e7\u0131klamada, ge\u00e7ti\u011fimiz aylarda binas\u0131 modern teknolojilerle rehabilite edilen merkeze, geni\u015fletilebilir 256 internet kap\u0131s\u0131 ile toplam 1.000 geni\u015fletilebilir telefon numaras\u0131 kapasiteli bir telefon santrali kuruldu\u011funu, motorlar, enerji tasarrufu ve &hellip;<\/p>\n","protected":false},"author":1,"featured_media":271612,"comment_status":"closed","ping_status":"closed","sticky":false,"template":"","format":"standard","meta":{"footnotes":""},"categories":[479,17988,478],"tags":[],"class_list":["post-271611","post","type-post","status-publish","format-standard","has-post-thumbnail","","category-haberler-yerel","category-son-haberler","category-yerel"],"_links":{"self":[{"href":"https:\/\/archive.sana.sy\/tr\/index.php?rest_route=\/wp\/v2\/posts\/271611","targetHints":{"allow":["GET"]}}],"collection":[{"href":"https:\/\/archive.sana.sy\/tr\/index.php?rest_route=\/wp\/v2\/posts"}],"about":[{"href":"https:\/\/archive.sana.sy\/tr\/index.php?rest_route=\/wp\/v2\/types\/post"}],"author":[{"embeddable":true,"href":"https:\/\/archive.sana.sy\/tr\/index.php?rest_route=\/wp\/v2\/users\/1"}],"replies":[{"embeddable":true,"href":"https:\/\/archive.sana.sy\/tr\/index.php?rest_route=%2Fwp%2Fv2%2Fcomments&post=271611"}],"version-history":[{"count":0,"href":"https:\/\/archive.sana.sy\/tr\/index.php?rest_route=\/wp\/v2\/posts\/271611\/revisions"}],"wp:featuredmedia":[{"embeddable":true,"href":"https:\/\/archive.sana.sy\/tr\/index.php?rest_route=\/wp\/v2\/media\/271612"}],"wp:attachment":[{"href":"https:\/\/archive.sana.sy\/tr\/index.php?rest_route=%2Fwp%2Fv2%2Fmedia&parent=271611"}],"wp:term":[{"taxonomy":"category","embeddable":true,"href":"https:\/\/archive.sana.sy\/tr\/index.php?rest_route=%2Fwp%2Fv2%2Fcategories&post=271611"},{"taxonomy":"post_tag","embeddable":true,"href":"https:\/\/archive.sana.sy\/tr\/index.php?rest_route=%2Fwp%2Fv2%2Ftags&post=271611"}],"curies":[{"name":"wp","href":"https:\/\/api.w.org\/{rel}","templated":true}]}}