{"id":271614,"date":"2023-01-21T13:09:19","date_gmt":"2023-01-21T11:09:19","guid":{"rendered":"http:\/\/107.6.182.27\/tr\/?p=271614"},"modified":"2023-01-22T07:11:15","modified_gmt":"2023-01-22T05:11:15","slug":"cek-parlamenter-abdnin-irak-ve-suriyedeki-suclarindan-sorumlu-tutulmasi-cagrisinda-bulundu","status":"publish","type":"post","link":"https:\/\/archive.sana.sy\/tr\/?p=271614","title":{"rendered":"\u00c7ek Parlamenter, ABD&#8217;nin Irak Ve Suriye&#8217;deki Su\u00e7lar\u0131ndan Sorumlu Tutulmas\u0131 \u00c7a\u011fr\u0131s\u0131nda Bulundu"},"content":{"rendered":"<p style=\"text-align: justify;\">PRAG &#8211; Avrupa Parlamentosu \u00fcyesi ve Moravya \u00c7ek Kom\u00fcnist Partisi&#8217;nin ba\u015fkan\u0131 Katerjina Konicna, ABD&#8217;nin Irak, Suriye, Libya, Yemen ve di\u011fer \u00fclkelerde i\u015fledi\u011fi sava\u015f su\u00e7lar\u0131 i\u00e7in \u00f6zel bir mahkeme kurulmas\u0131 \u00e7a\u011fr\u0131s\u0131nda bulundu.<\/p>\n<p style=\"text-align: justify;\">Konichna, bug\u00fcn internet sitesinde yay\u0131nlanan bir televizyon r\u00f6portaj\u0131nda, uluslararas\u0131 hukuk ilkelerinin, Birle\u015fmi\u015f Milletler Misak\u0131 ve di\u011fer ba\u011flay\u0131c\u0131 belgelerin yan\u0131 s\u0131ra, baz\u0131 Avrupal\u0131lar\u0131n ma\u011fdur olmas\u0131 durumunda genel adalet ilkelerinin uygulanmas\u0131 gerekti\u011fini vurgulayarak, baz\u0131 Avrupal\u0131 h\u00fck\u00fcmet ve parlamentolar\u0131n uluslararas\u0131 hukuka sayg\u0131 duyulmas\u0131 ve sald\u0131rgan\u0131 cezaland\u0131ran adaleti sa\u011flamaya \u00f6zen g\u00f6sterdiklerini s\u00f6yledi.<\/p>\n<p style=\"text-align: justify;\">Avrupal\u0131 Parlamenter, uluslararas\u0131 hukuk, Birle\u015fmi\u015f Milletler T\u00fcz\u00fc\u011f\u00fc ve G\u00fcvenlik Konseyi kararlar\u0131n\u0131 ihlal eden ABD&#8217;nin Irak&#8217;\u0131 i\u015fgalini hat\u0131rlatarak, Amerika&#8217;n\u0131n bu i\u015fgali hakl\u0131 \u00e7\u0131karmak i\u00e7in Irak&#8217;\u0131n kitle imha silahlar\u0131na sahip oldu\u011fu bahanesinin kas\u0131tl\u0131 bir yalan oldu\u011funu ve binlerce Irakl\u0131 sivilin \u00f6ld\u00fcr\u00fclmesine yol a\u00e7t\u0131\u011f\u0131na i\u015faret etti.<\/p>\n<p><a href=\"https:\/\/t.me\/SuriyeArapHaberAjansI\">Telegram Kanal\u0131m\u0131z\u00a0<\/a><\/p>\n<p><a href=\"https:\/\/www.facebook.com\/SANAHaberAjansi\/\">Facebook Sayfam\u0131z<\/a><\/p>\n","protected":false},"excerpt":{"rendered":"<p>PRAG &#8211; Avrupa Parlamentosu \u00fcyesi ve Moravya \u00c7ek Kom\u00fcnist Partisi&#8217;nin ba\u015fkan\u0131 Katerjina Konicna, ABD&#8217;nin Irak, Suriye, Libya, Yemen ve di\u011fer \u00fclkelerde i\u015fledi\u011fi sava\u015f su\u00e7lar\u0131 i\u00e7in \u00f6zel bir mahkeme kurulmas\u0131 \u00e7a\u011fr\u0131s\u0131nda bulundu. Konichna, bug\u00fcn internet sitesinde yay\u0131nlanan bir televizyon r\u00f6portaj\u0131nda, uluslararas\u0131 hukuk ilkelerinin, Birle\u015fmi\u015f Milletler Misak\u0131 ve di\u011fer ba\u011flay\u0131c\u0131 belgelerin yan\u0131 s\u0131ra, baz\u0131 Avrupal\u0131lar\u0131n ma\u011fdur olmas\u0131 &hellip;<\/p>\n","protected":false},"author":1,"featured_media":271615,"comment_status":"closed","ping_status":"closed","sticky":false,"template":"","format":"standard","meta":{"footnotes":""},"categories":[458,459,17988],"tags":[],"class_list":["post-271614","post","type-post","status-publish","format-standard","has-post-thumbnail","","category-dunya1","category-haberler-arap-uluslararasi-politika","category-son-haberler"],"_links":{"self":[{"href":"https:\/\/archive.sana.sy\/tr\/index.php?rest_route=\/wp\/v2\/posts\/271614","targetHints":{"allow":["GET"]}}],"collection":[{"href":"https:\/\/archive.sana.sy\/tr\/index.php?rest_route=\/wp\/v2\/posts"}],"about":[{"href":"https:\/\/archive.sana.sy\/tr\/index.php?rest_route=\/wp\/v2\/types\/post"}],"author":[{"embeddable":true,"href":"https:\/\/archive.sana.sy\/tr\/index.php?rest_route=\/wp\/v2\/users\/1"}],"replies":[{"embeddable":true,"href":"https:\/\/archive.sana.sy\/tr\/index.php?rest_route=%2Fwp%2Fv2%2Fcomments&post=271614"}],"version-history":[{"count":0,"href":"https:\/\/archive.sana.sy\/tr\/index.php?rest_route=\/wp\/v2\/posts\/271614\/revisions"}],"wp:featuredmedia":[{"embeddable":true,"href":"https:\/\/archive.sana.sy\/tr\/index.php?rest_route=\/wp\/v2\/media\/271615"}],"wp:attachment":[{"href":"https:\/\/archive.sana.sy\/tr\/index.php?rest_route=%2Fwp%2Fv2%2Fmedia&parent=271614"}],"wp:term":[{"taxonomy":"category","embeddable":true,"href":"https:\/\/archive.sana.sy\/tr\/index.php?rest_route=%2Fwp%2Fv2%2Fcategories&post=271614"},{"taxonomy":"post_tag","embeddable":true,"href":"https:\/\/archive.sana.sy\/tr\/index.php?rest_route=%2Fwp%2Fv2%2Ftags&post=271614"}],"curies":[{"name":"wp","href":"https:\/\/api.w.org\/{rel}","templated":true}]}}