{"id":271619,"date":"2023-01-21T13:32:42","date_gmt":"2023-01-21T11:32:42","guid":{"rendered":"http:\/\/107.6.182.27\/tr\/?p=271619"},"modified":"2023-01-21T13:38:51","modified_gmt":"2023-01-21T11:38:51","slug":"senegal-cumhurbaskani-suriye-ile-ikili-iliskilerimizi-cesitli-alanlarda-guclendirmek-istiyoruz","status":"publish","type":"post","link":"https:\/\/archive.sana.sy\/tr\/?p=271619","title":{"rendered":"Senegal Cumhurba\u015fkan\u0131: Suriye \u0130le \u0130kili \u0130li\u015fkilerimizi \u00c7e\u015fitli Alanlarda G\u00fc\u00e7lendirmek \u0130stiyoruz"},"content":{"rendered":"<p><strong>DAKAR<\/strong> \u2013 Senegal Cumhurba\u015fkan\u0131 Macky Sall, \u00fclkesinin Suriye ile \u00e7e\u015fitli alanlarda ikili ili\u015fkilerini g\u00fc\u00e7lendirme arzusunu vurgulad\u0131.<\/p>\n<p>Sall, Suriye&#8217;nin Senegal&#8217;deki ola\u011fan\u00fcst\u00fc ve tam yetkili b\u00fcy\u00fckel\u00e7isi B\u00fcy\u00fckel\u00e7i Haldun Adnan Zaafaranci&#8217;nin g\u00fcven mektubunu kabul ederken, iki \u00fclke aras\u0131ndaki ikili ili\u015fkilerin g\u00fc\u00e7lendirilmesinin ve geli\u015ftirilmesinin \u00f6nemine i\u015faret ederek Suriye&#8217;de g\u00fcvenlik ve istikrar\u0131n devam etmesi dileklerini dile getirdi.<\/p>\n<p>B\u00fcy\u00fckel\u00e7i Zafaranci de Suriye&#8217;nin Senegal ile \u00e7e\u015fitli alanlarda ikili i\u015fbirli\u011fini geli\u015ftirme arzusunu teyit ederek, Senegal ve halk\u0131 i\u00e7in daha fazla ilerleme ve refah diledi.<\/p>\n<p>&nbsp;<\/p>\n<p>R.M.<\/p>\n<p><a href=\"https:\/\/t.me\/SuriyeArapHaberAjansI\">Telegram Kanal\u0131m\u0131z\u00a0<\/a><\/p>\n<p><a href=\"https:\/\/www.facebook.com\/SANAHaberAjansi\/\">Facebook Sayfam\u0131z<\/a><\/p>\n","protected":false},"excerpt":{"rendered":"<p>DAKAR \u2013 Senegal Cumhurba\u015fkan\u0131 Macky Sall, \u00fclkesinin Suriye ile \u00e7e\u015fitli alanlarda ikili ili\u015fkilerini g\u00fc\u00e7lendirme arzusunu vurgulad\u0131. Sall, Suriye&#8217;nin Senegal&#8217;deki ola\u011fan\u00fcst\u00fc ve tam yetkili b\u00fcy\u00fckel\u00e7isi B\u00fcy\u00fckel\u00e7i Haldun Adnan Zaafaranci&#8217;nin g\u00fcven mektubunu kabul ederken, iki \u00fclke aras\u0131ndaki ikili ili\u015fkilerin g\u00fc\u00e7lendirilmesinin ve geli\u015ftirilmesinin \u00f6nemine i\u015faret ederek Suriye&#8217;de g\u00fcvenlik ve istikrar\u0131n devam etmesi dileklerini dile getirdi. B\u00fcy\u00fckel\u00e7i Zafaranci de &hellip;<\/p>\n","protected":false},"author":41,"featured_media":271620,"comment_status":"closed","ping_status":"closed","sticky":false,"template":"","format":"standard","meta":{"footnotes":""},"categories":[1],"tags":[],"class_list":["post-271619","post","type-post","status-publish","format-standard","has-post-thumbnail","","category-news-not-sorted"],"_links":{"self":[{"href":"https:\/\/archive.sana.sy\/tr\/index.php?rest_route=\/wp\/v2\/posts\/271619","targetHints":{"allow":["GET"]}}],"collection":[{"href":"https:\/\/archive.sana.sy\/tr\/index.php?rest_route=\/wp\/v2\/posts"}],"about":[{"href":"https:\/\/archive.sana.sy\/tr\/index.php?rest_route=\/wp\/v2\/types\/post"}],"author":[{"embeddable":true,"href":"https:\/\/archive.sana.sy\/tr\/index.php?rest_route=\/wp\/v2\/users\/41"}],"replies":[{"embeddable":true,"href":"https:\/\/archive.sana.sy\/tr\/index.php?rest_route=%2Fwp%2Fv2%2Fcomments&post=271619"}],"version-history":[{"count":0,"href":"https:\/\/archive.sana.sy\/tr\/index.php?rest_route=\/wp\/v2\/posts\/271619\/revisions"}],"wp:featuredmedia":[{"embeddable":true,"href":"https:\/\/archive.sana.sy\/tr\/index.php?rest_route=\/wp\/v2\/media\/271620"}],"wp:attachment":[{"href":"https:\/\/archive.sana.sy\/tr\/index.php?rest_route=%2Fwp%2Fv2%2Fmedia&parent=271619"}],"wp:term":[{"taxonomy":"category","embeddable":true,"href":"https:\/\/archive.sana.sy\/tr\/index.php?rest_route=%2Fwp%2Fv2%2Fcategories&post=271619"},{"taxonomy":"post_tag","embeddable":true,"href":"https:\/\/archive.sana.sy\/tr\/index.php?rest_route=%2Fwp%2Fv2%2Ftags&post=271619"}],"curies":[{"name":"wp","href":"https:\/\/api.w.org\/{rel}","templated":true}]}}