{"id":271624,"date":"2023-01-21T13:51:27","date_gmt":"2023-01-21T11:51:27","guid":{"rendered":"http:\/\/107.6.182.27\/tr\/?p=271624"},"modified":"2023-01-22T07:11:23","modified_gmt":"2023-01-22T05:11:23","slug":"berlinde-natonun-ukrayna-rejimine-daha-fazla-silah-gondermesini-reddeden-gosteri-duzenlendi","status":"publish","type":"post","link":"https:\/\/archive.sana.sy\/tr\/?p=271624","title":{"rendered":"Berlin&#8217;de NATO&#8217;nun Ukrayna Rejimine Daha Fazla Silah G\u00f6ndermesini Reddeden G\u00f6steri D\u00fczenlendi"},"content":{"rendered":"<p><strong>BERL\u0130N<\/strong> \u2013 D\u00fcn gece Alman ba\u015fkenti, Ukrayna rejimine a\u011f\u0131r silah tedarikin\u0130 reddeden ve NATO&#8217;nun Ukrayna&#8217;y\u0131 desteklemek i\u00e7in s\u00f6zde temas grubu toplant\u0131s\u0131n\u0131n Berlin\u2019de yer alan &#8220;Amerikan Ramstein&#8221; \u00fcss\u00fcnde d\u00fczenlenmesini protesto eden bir g\u00f6steriye tan\u0131k oldu.<\/p>\n<p>RIA Novosti, Berlin&#8217;in ana meydan\u0131, \u015fehir merkezindeki Brandenburg Kap\u0131s\u0131&#8217;nda toplanan g\u00f6stericilerin, yak\u0131nlarda bulunan ABD b\u00fcy\u00fckel\u00e7ili\u011fine y\u00f6neldi\u011fini ve &#8220;Ukrayna&#8217;da tanklara hay\u0131r&#8221; sloganlar\u0131 atatark, &#8220;Bu, Almanya&#8217;ya kar\u015f\u0131 bir Amerikan sava\u015f\u0131d\u0131r&#8221; ve &#8220;Silahs\u0131z bar\u0131\u015f aray\u0131n&#8221; yazan pankartlar ve bayraklar kald\u0131rd\u0131klar\u0131n\u0131 aktard\u0131.<\/p>\n<p>G\u00f6stericiler, Kiev rejimine tanklar ve a\u011f\u0131r silahlar sa\u011flamak yerine Rusya ile m\u00fczakerelerin h\u0131zland\u0131r\u0131lmas\u0131 ve diplomasi benimsenmesi \u00e7a\u011fr\u0131s\u0131nda bulundu.<\/p>\n<p>G\u00f6steriyi d\u00fczenleyenler, Almanya&#8217;n\u0131n Ukrayna&#8217;daki \u00e7at\u0131\u015fmaya Amerikan Ramstein \u00fcss\u00fcnde toplanan Eyaletler Konseyi&#8217;ne kat\u0131l\u0131m\u0131yla sapt\u0131\u011f\u0131n\u0131 ve m\u00fcdahil oldu\u011funu ifade ettiler.<\/p>\n<p>R.M.<\/p>\n<p><a href=\"https:\/\/t.me\/SuriyeArapHaberAjansI\">Telegram Kanal\u0131m\u0131z\u00a0<\/a><\/p>\n<p><a href=\"https:\/\/www.facebook.com\/SANAHaberAjansi\/\">Facebook Sayfam\u0131z<\/a><\/p>\n","protected":false},"excerpt":{"rendered":"<p>BERL\u0130N \u2013 D\u00fcn gece Alman ba\u015fkenti, Ukrayna rejimine a\u011f\u0131r silah tedarikin\u0130 reddeden ve NATO&#8217;nun Ukrayna&#8217;y\u0131 desteklemek i\u00e7in s\u00f6zde temas grubu toplant\u0131s\u0131n\u0131n Berlin\u2019de yer alan &#8220;Amerikan Ramstein&#8221; \u00fcss\u00fcnde d\u00fczenlenmesini protesto eden bir g\u00f6steriye tan\u0131k oldu. RIA Novosti, Berlin&#8217;in ana meydan\u0131, \u015fehir merkezindeki Brandenburg Kap\u0131s\u0131&#8217;nda toplanan g\u00f6stericilerin, yak\u0131nlarda bulunan ABD b\u00fcy\u00fckel\u00e7ili\u011fine y\u00f6neldi\u011fini ve &#8220;Ukrayna&#8217;da tanklara hay\u0131r&#8221; sloganlar\u0131 &hellip;<\/p>\n","protected":false},"author":41,"featured_media":271625,"comment_status":"closed","ping_status":"closed","sticky":false,"template":"","format":"standard","meta":{"footnotes":""},"categories":[458,459,17988],"tags":[],"class_list":["post-271624","post","type-post","status-publish","format-standard","has-post-thumbnail","","category-dunya1","category-haberler-arap-uluslararasi-politika","category-son-haberler"],"_links":{"self":[{"href":"https:\/\/archive.sana.sy\/tr\/index.php?rest_route=\/wp\/v2\/posts\/271624","targetHints":{"allow":["GET"]}}],"collection":[{"href":"https:\/\/archive.sana.sy\/tr\/index.php?rest_route=\/wp\/v2\/posts"}],"about":[{"href":"https:\/\/archive.sana.sy\/tr\/index.php?rest_route=\/wp\/v2\/types\/post"}],"author":[{"embeddable":true,"href":"https:\/\/archive.sana.sy\/tr\/index.php?rest_route=\/wp\/v2\/users\/41"}],"replies":[{"embeddable":true,"href":"https:\/\/archive.sana.sy\/tr\/index.php?rest_route=%2Fwp%2Fv2%2Fcomments&post=271624"}],"version-history":[{"count":0,"href":"https:\/\/archive.sana.sy\/tr\/index.php?rest_route=\/wp\/v2\/posts\/271624\/revisions"}],"wp:featuredmedia":[{"embeddable":true,"href":"https:\/\/archive.sana.sy\/tr\/index.php?rest_route=\/wp\/v2\/media\/271625"}],"wp:attachment":[{"href":"https:\/\/archive.sana.sy\/tr\/index.php?rest_route=%2Fwp%2Fv2%2Fmedia&parent=271624"}],"wp:term":[{"taxonomy":"category","embeddable":true,"href":"https:\/\/archive.sana.sy\/tr\/index.php?rest_route=%2Fwp%2Fv2%2Fcategories&post=271624"},{"taxonomy":"post_tag","embeddable":true,"href":"https:\/\/archive.sana.sy\/tr\/index.php?rest_route=%2Fwp%2Fv2%2Ftags&post=271624"}],"curies":[{"name":"wp","href":"https:\/\/api.w.org\/{rel}","templated":true}]}}