{"id":271665,"date":"2023-01-21T14:00:32","date_gmt":"2023-01-21T12:00:32","guid":{"rendered":"http:\/\/107.6.182.27\/tr\/?p=271665"},"modified":"2023-01-22T07:11:36","modified_gmt":"2023-01-22T05:11:36","slug":"cin-en-seckin-25-yabanci-uzmani-arasindan-dr-resad-el-kasiri-secti","status":"publish","type":"post","link":"https:\/\/archive.sana.sy\/tr\/?p=271665","title":{"rendered":"\u00c7in, En Se\u00e7kin 25 Yabanc\u0131 Uzman\u0131 Aras\u0131ndan Dr. \u00a0Re\u015fad El Kasir\u2019i Se\u00e7ti"},"content":{"rendered":"<p><strong>PEK\u0130N<\/strong> &#8211; \u00c7in Bakanlar Kurulu Ba\u015fkanl\u0131\u011f\u0131, \u00c7in Halk Cumhuriyeti&#8217;nin Bahar \u015eenli\u011fi kutlamalar\u0131na haz\u0131rl\u0131k kapsam\u0131nda, \u00a0devlet d\u00fczeyinde \u00e7e\u015fitli uzmanl\u0131k alanlar\u0131ndaki 25 se\u00e7kin yabanc\u0131 uzman aras\u0131ndan mikrobiyoloji ve imm\u00fcnoloji alan\u0131nda uzman Suriyeli ara\u015ft\u0131rmac\u0131 Dr. Re\u015fad El Kasir\u2019i se\u00e7ti.<\/p>\n<p><img loading=\"lazy\" decoding=\"async\" class=\"size-full wp-image-271667 alignright\" src=\"http:\/\/107.6.182.27\/tr\/wp-content\/uploads\/2023\/01\/photo_2023-01-21_15-02-49-237x300-1.jpg\" alt=\"\" width=\"237\" height=\"300\" srcset=\"https:\/\/archive.sana.sy\/tr\/wp-content\/uploads\/2023\/01\/photo_2023-01-21_15-02-49-237x300-1.jpg 237w, https:\/\/archive.sana.sy\/tr\/wp-content\/uploads\/2023\/01\/photo_2023-01-21_15-02-49-237x300-1-119x150.jpg 119w\" sizes=\"auto, (max-width: 237px) 100vw, 237px\" \/>Dr. El Kasir, Pekin&#8217;deki B\u00fcy\u00fck Halk Salonu&#8217;nda \u00c7in Ba\u015fbakan\u0131 Li Keqiang, D\u0131\u015fi\u015fleri Bakan\u0131, Y\u00fcksek \u00d6\u011frenim Bakan\u0131, Bilim ve Teknoloji Bakan\u0131 ve bir dizi devlet yetkilisi ve \u00c7in Kom\u00fcnist Partisi&#8217;nin huzurunda d\u00fczenlenen konferansa kat\u0131ld\u0131.<\/p>\n<p>El Kasir, Pekin&#8217;deki SANA muhabirine yapt\u0131\u011f\u0131 a\u00e7\u0131klamada, \u2018\u2019\u00c7in Yeni Y\u0131l\u0131 kutlamalar\u0131 vesilesiyle \u00c7in h\u00fck\u00fcmeti, \u00c7in&#8217;deki t\u00fcm bilimsel ara\u015ft\u0131rma merkezlerine ve b\u00fcy\u00fck \u00fcniversitelere, \u00c7in&#8217;de bulunduklar\u0131 y\u0131llar boyunca katk\u0131lar\u0131 olan yabanc\u0131 uzmanlar\u0131 se\u00e7melerini isteyen bir mesaj g\u00f6nderdi\u2019\u2019 diyerek, mikrobiyoloji alan\u0131nda yakla\u015f\u0131k 100 uzman aras\u0131ndan se\u00e7ildi\u011fine dikkat \u00e7ekti.<\/p>\n<p>El Kasir ayr\u0131ca, \u2018\u2019Kat\u0131l\u0131m\u0131m beni derinden etkiliyor ve 15 y\u0131l\u0131 a\u015fk\u0131n s\u00fcredir beni kucaklayan \u00fclkede s\u00f6z sahibi olmaktan gurur ve mutluluk duyuyorum\u2019\u2019 ifadelerini kulland\u0131r.<\/p>\n<p>Dr. El Kasir, Al-Qaseer, Pekin&#8217;deki Suriye b\u00fcy\u00fckel\u00e7isine, b\u00fcy\u00fckel\u00e7ilik \u00fcyelerine, cemaat ba\u015fkan\u0131na ve t\u00fcm \u00fcyelerine ilgileri ve takipleri i\u00e7in de te\u015fekk\u00fcrlerini iletti.<\/p>\n<div id='gallery-1' class='gallery galleryid-271665 gallery-columns-2 gallery-size-full'><figure class='gallery-item'>\n\t\t\t<div class='gallery-icon landscape'>\n\t\t\t\t<a href='https:\/\/archive.sana.sy\/tr\/wp-content\/uploads\/2023\/01\/photo_2023-01-21_15-02-51-2.jpg'><img loading=\"lazy\" decoding=\"async\" width=\"660\" height=\"460\" src=\"https:\/\/archive.sana.sy\/tr\/wp-content\/uploads\/2023\/01\/photo_2023-01-21_15-02-51-2.jpg\" class=\"attachment-full size-full\" alt=\"\" srcset=\"https:\/\/archive.sana.sy\/tr\/wp-content\/uploads\/2023\/01\/photo_2023-01-21_15-02-51-2.jpg 660w, https:\/\/archive.sana.sy\/tr\/wp-content\/uploads\/2023\/01\/photo_2023-01-21_15-02-51-2-300x209.jpg 300w, https:\/\/archive.sana.sy\/tr\/wp-content\/uploads\/2023\/01\/photo_2023-01-21_15-02-51-2-150x105.jpg 150w\" sizes=\"auto, (max-width: 660px) 100vw, 660px\" \/><\/a>\n\t\t\t<\/div><\/figure><figure class='gallery-item'>\n\t\t\t<div class='gallery-icon landscape'>\n\t\t\t\t<a href='https:\/\/archive.sana.sy\/tr\/wp-content\/uploads\/2023\/01\/photo_2023-01-21_15-02-44.jpg'><img loading=\"lazy\" decoding=\"async\" width=\"660\" height=\"415\" src=\"https:\/\/archive.sana.sy\/tr\/wp-content\/uploads\/2023\/01\/photo_2023-01-21_15-02-44.jpg\" class=\"attachment-full size-full\" alt=\"\" srcset=\"https:\/\/archive.sana.sy\/tr\/wp-content\/uploads\/2023\/01\/photo_2023-01-21_15-02-44.jpg 660w, https:\/\/archive.sana.sy\/tr\/wp-content\/uploads\/2023\/01\/photo_2023-01-21_15-02-44-300x189.jpg 300w, https:\/\/archive.sana.sy\/tr\/wp-content\/uploads\/2023\/01\/photo_2023-01-21_15-02-44-150x94.jpg 150w\" sizes=\"auto, (max-width: 660px) 100vw, 660px\" \/><\/a>\n\t\t\t<\/div><\/figure>\n\t\t<\/div>\n\n<p>R.M.<\/p>\n<p><a href=\"https:\/\/t.me\/SuriyeArapHaberAjansI\">Telegram Kanal\u0131m\u0131z\u00a0<\/a><\/p>\n<p><a href=\"https:\/\/www.facebook.com\/SANAHaberAjansi\/\">Facebook Sayfam\u0131z<\/a><\/p>\n","protected":false},"excerpt":{"rendered":"<p>PEK\u0130N &#8211; \u00c7in Bakanlar Kurulu Ba\u015fkanl\u0131\u011f\u0131, \u00c7in Halk Cumhuriyeti&#8217;nin Bahar \u015eenli\u011fi kutlamalar\u0131na haz\u0131rl\u0131k kapsam\u0131nda, \u00a0devlet d\u00fczeyinde \u00e7e\u015fitli uzmanl\u0131k alanlar\u0131ndaki 25 se\u00e7kin yabanc\u0131 uzman aras\u0131ndan mikrobiyoloji ve imm\u00fcnoloji alan\u0131nda uzman Suriyeli ara\u015ft\u0131rmac\u0131 Dr. Re\u015fad El Kasir\u2019i se\u00e7ti. Dr. El Kasir, Pekin&#8217;deki B\u00fcy\u00fck Halk Salonu&#8217;nda \u00c7in Ba\u015fbakan\u0131 Li Keqiang, D\u0131\u015fi\u015fleri Bakan\u0131, Y\u00fcksek \u00d6\u011frenim Bakan\u0131, Bilim ve Teknoloji &hellip;<\/p>\n","protected":false},"author":41,"featured_media":271666,"comment_status":"closed","ping_status":"closed","sticky":false,"template":"","format":"standard","meta":{"footnotes":""},"categories":[458,459,17988],"tags":[],"class_list":["post-271665","post","type-post","status-publish","format-standard","has-post-thumbnail","","category-dunya1","category-haberler-arap-uluslararasi-politika","category-son-haberler"],"_links":{"self":[{"href":"https:\/\/archive.sana.sy\/tr\/index.php?rest_route=\/wp\/v2\/posts\/271665","targetHints":{"allow":["GET"]}}],"collection":[{"href":"https:\/\/archive.sana.sy\/tr\/index.php?rest_route=\/wp\/v2\/posts"}],"about":[{"href":"https:\/\/archive.sana.sy\/tr\/index.php?rest_route=\/wp\/v2\/types\/post"}],"author":[{"embeddable":true,"href":"https:\/\/archive.sana.sy\/tr\/index.php?rest_route=\/wp\/v2\/users\/41"}],"replies":[{"embeddable":true,"href":"https:\/\/archive.sana.sy\/tr\/index.php?rest_route=%2Fwp%2Fv2%2Fcomments&post=271665"}],"version-history":[{"count":0,"href":"https:\/\/archive.sana.sy\/tr\/index.php?rest_route=\/wp\/v2\/posts\/271665\/revisions"}],"wp:featuredmedia":[{"embeddable":true,"href":"https:\/\/archive.sana.sy\/tr\/index.php?rest_route=\/wp\/v2\/media\/271666"}],"wp:attachment":[{"href":"https:\/\/archive.sana.sy\/tr\/index.php?rest_route=%2Fwp%2Fv2%2Fmedia&parent=271665"}],"wp:term":[{"taxonomy":"category","embeddable":true,"href":"https:\/\/archive.sana.sy\/tr\/index.php?rest_route=%2Fwp%2Fv2%2Fcategories&post=271665"},{"taxonomy":"post_tag","embeddable":true,"href":"https:\/\/archive.sana.sy\/tr\/index.php?rest_route=%2Fwp%2Fv2%2Ftags&post=271665"}],"curies":[{"name":"wp","href":"https:\/\/api.w.org\/{rel}","templated":true}]}}