{"id":271674,"date":"2023-01-21T14:26:11","date_gmt":"2023-01-21T12:26:11","guid":{"rendered":"http:\/\/107.6.182.27\/tr\/?p=271674"},"modified":"2023-01-22T07:11:51","modified_gmt":"2023-01-22T05:11:51","slug":"polis-bincilik-aticilik-takimi-dunya-kupasi-finallerine-katilmaya-hak-kazandi","status":"publish","type":"post","link":"https:\/\/archive.sana.sy\/tr\/?p=271674","title":{"rendered":"Polis Bincilik At\u0131c\u0131l\u0131k Tak\u0131m\u0131 D\u00fcnya Kupas\u0131 Finallerine Kat\u0131lmaya Hak Kazand\u0131"},"content":{"rendered":"<p><strong>JOHANNESBURG<\/strong> \u2013 Polis Binicilik At\u0131c\u0131l\u0131k Tak\u0131m\u0131, G\u00fcney Afrika&#8217;da d\u00fczenlenen \u0130kinci Grup elemelerini ikinci olarak tamamlayarak D\u00fcnya Kupas\u0131 finallerine kat\u0131lmaya hak kazand\u0131.<\/p>\n<p><img loading=\"lazy\" decoding=\"async\" class=\" wp-image-271676 alignright\" src=\"http:\/\/107.6.182.27\/tr\/wp-content\/uploads\/2023\/01\/photo_2023-01-21_13-18-15-copy-200x300-1.jpg\" alt=\"\" width=\"177\" height=\"266\" srcset=\"https:\/\/archive.sana.sy\/tr\/wp-content\/uploads\/2023\/01\/photo_2023-01-21_13-18-15-copy-200x300-1.jpg 200w, https:\/\/archive.sana.sy\/tr\/wp-content\/uploads\/2023\/01\/photo_2023-01-21_13-18-15-copy-200x300-1-100x150.jpg 100w\" sizes=\"auto, (max-width: 177px) 100vw, 177px\" \/>Polis tak\u0131m\u0131, Suudi tak\u0131m\u0131n\u0131n ard\u0131ndan ikinci s\u0131ray\u0131 kazan\u0131rken, \u00a0Kuveyt takm\u0131 ise \u00fc\u00e7\u00fcnc\u00fc s\u0131ray\u0131 \u00a0elde etti.<\/p>\n<p>\u00dc\u00e7 tak\u0131m, G\u00fcney Afrika, \u00dcrd\u00fcn, Pakistan, Katar, M\u0131s\u0131r, Birle\u015fik Arap Emirlikleri, Yemen ve Filistin&#8217;in de yer ald\u0131\u011f\u0131 ikinci grup i\u00e7in yakla\u015fan finallere kat\u0131lmaya hak kazand\u0131.<\/p>\n<p>Polis At\u0131c\u0131l\u0131k Tak\u0131m\u0131 \u00a0ba\u015fkan\u0131 Yarbay Mahmud El Masri, SANA&#8217;ya yapt\u0131\u011f\u0131 a\u00e7\u0131klamada, \u2018\u2019K\u0131rktan fazla erkek ve kad\u0131n \u015f\u00f6valye aras\u0131ndaki rekabet g\u00fc\u00e7l\u00fcyd\u00fc ve h\u0131zl\u0131 at pisti, \u00e7oklu hedef pisti ve ask\u0131ya al\u0131nm\u0131\u015f \u00e7anak pist olan \u00fc\u00e7 atl\u0131 at\u0131\u015f parkurunda \u00fc\u00e7 g\u00fcn s\u00fcrd\u00fc\u2019\u2019 dedi.<\/p>\n<p>Polis tak\u0131m\u0131, \u015f\u00f6valye Yarbay Mahmud El Masri liderli\u011findeki \u015f\u00f6valye Ahmed El Masri, \u015f\u00f6valye Velid Havacika ve \u015f\u00f6valye \u015euruk El Masri taraf\u0131ndan temsil edildi.<\/p>\n<div id='gallery-1' class='gallery galleryid-271674 gallery-columns-2 gallery-size-full'><figure class='gallery-item'>\n\t\t\t<div class='gallery-icon landscape'>\n\t\t\t\t<a href='https:\/\/archive.sana.sy\/tr\/wp-content\/uploads\/2023\/01\/photo_2023-01-21_13-18-13-copy-1.jpg'><img loading=\"lazy\" decoding=\"async\" width=\"660\" height=\"440\" src=\"https:\/\/archive.sana.sy\/tr\/wp-content\/uploads\/2023\/01\/photo_2023-01-21_13-18-13-copy-1.jpg\" class=\"attachment-full size-full\" alt=\"\" srcset=\"https:\/\/archive.sana.sy\/tr\/wp-content\/uploads\/2023\/01\/photo_2023-01-21_13-18-13-copy-1.jpg 660w, https:\/\/archive.sana.sy\/tr\/wp-content\/uploads\/2023\/01\/photo_2023-01-21_13-18-13-copy-1-300x200.jpg 300w, https:\/\/archive.sana.sy\/tr\/wp-content\/uploads\/2023\/01\/photo_2023-01-21_13-18-13-copy-1-150x100.jpg 150w\" sizes=\"auto, (max-width: 660px) 100vw, 660px\" \/><\/a>\n\t\t\t<\/div><\/figure><figure class='gallery-item'>\n\t\t\t<div class='gallery-icon landscape'>\n\t\t\t\t<a href='https:\/\/archive.sana.sy\/tr\/wp-content\/uploads\/2023\/01\/photo_2023-01-21_13-18-18-copy-1.jpg'><img loading=\"lazy\" decoding=\"async\" width=\"660\" height=\"448\" src=\"https:\/\/archive.sana.sy\/tr\/wp-content\/uploads\/2023\/01\/photo_2023-01-21_13-18-18-copy-1.jpg\" class=\"attachment-full size-full\" alt=\"\" srcset=\"https:\/\/archive.sana.sy\/tr\/wp-content\/uploads\/2023\/01\/photo_2023-01-21_13-18-18-copy-1.jpg 660w, https:\/\/archive.sana.sy\/tr\/wp-content\/uploads\/2023\/01\/photo_2023-01-21_13-18-18-copy-1-300x204.jpg 300w, https:\/\/archive.sana.sy\/tr\/wp-content\/uploads\/2023\/01\/photo_2023-01-21_13-18-18-copy-1-150x102.jpg 150w, https:\/\/archive.sana.sy\/tr\/wp-content\/uploads\/2023\/01\/photo_2023-01-21_13-18-18-copy-1-110x75.jpg 110w\" sizes=\"auto, (max-width: 660px) 100vw, 660px\" \/><\/a>\n\t\t\t<\/div><\/figure><figure class='gallery-item'>\n\t\t\t<div class='gallery-icon landscape'>\n\t\t\t\t<a href='https:\/\/archive.sana.sy\/tr\/wp-content\/uploads\/2023\/01\/photo_2023-01-21_13-18-16-copy-1.jpg'><img loading=\"lazy\" decoding=\"async\" width=\"660\" height=\"440\" src=\"https:\/\/archive.sana.sy\/tr\/wp-content\/uploads\/2023\/01\/photo_2023-01-21_13-18-16-copy-1.jpg\" class=\"attachment-full size-full\" alt=\"\" srcset=\"https:\/\/archive.sana.sy\/tr\/wp-content\/uploads\/2023\/01\/photo_2023-01-21_13-18-16-copy-1.jpg 660w, https:\/\/archive.sana.sy\/tr\/wp-content\/uploads\/2023\/01\/photo_2023-01-21_13-18-16-copy-1-300x200.jpg 300w, https:\/\/archive.sana.sy\/tr\/wp-content\/uploads\/2023\/01\/photo_2023-01-21_13-18-16-copy-1-150x100.jpg 150w\" sizes=\"auto, (max-width: 660px) 100vw, 660px\" \/><\/a>\n\t\t\t<\/div><\/figure><figure class='gallery-item'>\n\t\t\t<div class='gallery-icon landscape'>\n\t\t\t\t<a href='https:\/\/archive.sana.sy\/tr\/wp-content\/uploads\/2023\/01\/photo_2023-01-21_13-18-19-3-copy.jpg'><img loading=\"lazy\" decoding=\"async\" width=\"660\" height=\"443\" src=\"https:\/\/archive.sana.sy\/tr\/wp-content\/uploads\/2023\/01\/photo_2023-01-21_13-18-19-3-copy.jpg\" class=\"attachment-full size-full\" alt=\"\" srcset=\"https:\/\/archive.sana.sy\/tr\/wp-content\/uploads\/2023\/01\/photo_2023-01-21_13-18-19-3-copy.jpg 660w, https:\/\/archive.sana.sy\/tr\/wp-content\/uploads\/2023\/01\/photo_2023-01-21_13-18-19-3-copy-300x201.jpg 300w, https:\/\/archive.sana.sy\/tr\/wp-content\/uploads\/2023\/01\/photo_2023-01-21_13-18-19-3-copy-150x101.jpg 150w, https:\/\/archive.sana.sy\/tr\/wp-content\/uploads\/2023\/01\/photo_2023-01-21_13-18-19-3-copy-110x75.jpg 110w\" sizes=\"auto, (max-width: 660px) 100vw, 660px\" \/><\/a>\n\t\t\t<\/div><\/figure>\n\t\t<\/div>\n\n<p>R.M.<\/p>\n<p><a href=\"https:\/\/t.me\/SuriyeArapHaberAjansI\">Telegram Kanal\u0131m\u0131z\u00a0<\/a><\/p>\n<p><a href=\"https:\/\/www.facebook.com\/SANAHaberAjansi\/\">Facebook Sayfam\u0131z<\/a><\/p>\n","protected":false},"excerpt":{"rendered":"<p>JOHANNESBURG \u2013 Polis Binicilik At\u0131c\u0131l\u0131k Tak\u0131m\u0131, G\u00fcney Afrika&#8217;da d\u00fczenlenen \u0130kinci Grup elemelerini ikinci olarak tamamlayarak D\u00fcnya Kupas\u0131 finallerine kat\u0131lmaya hak kazand\u0131. Polis tak\u0131m\u0131, Suudi tak\u0131m\u0131n\u0131n ard\u0131ndan ikinci s\u0131ray\u0131 kazan\u0131rken, \u00a0Kuveyt takm\u0131 ise \u00fc\u00e7\u00fcnc\u00fc s\u0131ray\u0131 \u00a0elde etti. \u00dc\u00e7 tak\u0131m, G\u00fcney Afrika, \u00dcrd\u00fcn, Pakistan, Katar, M\u0131s\u0131r, Birle\u015fik Arap Emirlikleri, Yemen ve Filistin&#8217;in de yer ald\u0131\u011f\u0131 ikinci grup &hellip;<\/p>\n","protected":false},"author":41,"featured_media":271675,"comment_status":"closed","ping_status":"closed","sticky":false,"template":"","format":"standard","meta":{"footnotes":""},"categories":[458,498,459,17988,496],"tags":[],"class_list":["post-271674","post","type-post","status-publish","format-standard","has-post-thumbnail","","category-dunya1","category-dunya-turnuvalari","category-haberler-arap-uluslararasi-politika","category-son-haberler","category-spor"],"_links":{"self":[{"href":"https:\/\/archive.sana.sy\/tr\/index.php?rest_route=\/wp\/v2\/posts\/271674","targetHints":{"allow":["GET"]}}],"collection":[{"href":"https:\/\/archive.sana.sy\/tr\/index.php?rest_route=\/wp\/v2\/posts"}],"about":[{"href":"https:\/\/archive.sana.sy\/tr\/index.php?rest_route=\/wp\/v2\/types\/post"}],"author":[{"embeddable":true,"href":"https:\/\/archive.sana.sy\/tr\/index.php?rest_route=\/wp\/v2\/users\/41"}],"replies":[{"embeddable":true,"href":"https:\/\/archive.sana.sy\/tr\/index.php?rest_route=%2Fwp%2Fv2%2Fcomments&post=271674"}],"version-history":[{"count":0,"href":"https:\/\/archive.sana.sy\/tr\/index.php?rest_route=\/wp\/v2\/posts\/271674\/revisions"}],"wp:featuredmedia":[{"embeddable":true,"href":"https:\/\/archive.sana.sy\/tr\/index.php?rest_route=\/wp\/v2\/media\/271675"}],"wp:attachment":[{"href":"https:\/\/archive.sana.sy\/tr\/index.php?rest_route=%2Fwp%2Fv2%2Fmedia&parent=271674"}],"wp:term":[{"taxonomy":"category","embeddable":true,"href":"https:\/\/archive.sana.sy\/tr\/index.php?rest_route=%2Fwp%2Fv2%2Fcategories&post=271674"},{"taxonomy":"post_tag","embeddable":true,"href":"https:\/\/archive.sana.sy\/tr\/index.php?rest_route=%2Fwp%2Fv2%2Ftags&post=271674"}],"curies":[{"name":"wp","href":"https:\/\/api.w.org\/{rel}","templated":true}]}}