{"id":27170,"date":"2015-03-22T09:57:54","date_gmt":"2015-03-22T07:57:54","guid":{"rendered":"http:\/\/www.sana.sy\/tr\/?p=27170"},"modified":"2015-03-22T09:57:54","modified_gmt":"2015-03-22T07:57:54","slug":"teror-orgutlerince-abluka-altindaki-yermuk-ahalisine-441-gida-paketi-dagitildi","status":"publish","type":"post","link":"https:\/\/archive.sana.sy\/tr\/?p=27170","title":{"rendered":"Ter\u00f6r \u00d6rg\u00fctlerince Abluka Alt\u0131ndaki Yerm\u00fck Ahalisine 441 G\u0131da Paketi Da\u011f\u0131t\u0131ld\u0131"},"content":{"rendered":"<p>\u015eAM &#8211; Suriye h\u00fck\u00fcmetinin deste\u011fi ile Filistinli M\u00fclteciler Genel Kurumu ve Filistinli M\u00fcltecilere \u0130lkyard\u0131m ve \u00c7al\u0131\u015ft\u0131rma Ajans\u0131 \u201cUNRWA\u201d, \u015eam\u2019\u0131n Yermuk Semtinde silahl\u0131 ter\u00f6r \u00f6rg\u00fctleri taraf\u0131ndan abluka alt\u0131ndaki ahaliye insani acil yard\u0131mlar da\u011f\u0131tmay\u0131 s\u00fcrd\u00fcrd\u00fc.<\/p>\n<p>Kurum Genel M\u00fcd\u00fcr\u00fc Ali Mustafa SANA\u2019ya a\u00e7\u0131klamas\u0131nda, Kurum ile UNRWA\u2019n\u0131n Tadamun Semti kanal\u0131yla Yerm\u00fck Belediyesi yak\u0131nlar\u0131ndaki Filistin Caddesinde ekmek, \u015feker ve g\u0131da yan \u00fcr\u00fcnleriyle birlikte Cuma ve Cumartesi g\u00fcnlerinde 441 g\u0131da sepeti da\u011f\u0131tt\u0131klar\u0131n\u0131 s\u00f6yledi.<\/p>\n<p>B\u00f6ylece 30 Ocak 2014\u2019ten bu yana da\u011f\u0131t\u0131lan g\u0131da sepetleri 60833, sa\u011fl\u0131k sepetlerinin de 11618\u2019e ula\u015fm\u0131\u015f oldu.<\/p>\n<p>Mustafa, ilk yard\u0131m ajans\u0131na ba\u011fl\u0131 da\u011f\u0131t\u0131m noktas\u0131nda hastalar\u0131n tedavi edilmesine ve ila\u00e7lar\u0131n da\u011f\u0131t\u0131lmas\u0131na devam edildi\u011fini, \u015eam Hastanelerine 53 hasta durumu \u00e7\u0131kard\u0131klar\u0131n\u0131 b\u00f6ylece 2014 y\u0131l\u0131 Ocak ay\u0131 sonundan bu yana \u00e7\u0131kar\u0131lan hasta durumunun 4773 durum oldu\u011funa dikkat \u00e7ekti.<\/p>\n<p>S.\u015e. &#8211; R.H.<\/p>\n","protected":false},"excerpt":{"rendered":"<p>\u015eAM &#8211; Suriye h\u00fck\u00fcmetinin deste\u011fi ile Filistinli M\u00fclteciler Genel Kurumu ve Filistinli M\u00fcltecilere \u0130lkyard\u0131m ve \u00c7al\u0131\u015ft\u0131rma Ajans\u0131 \u201cUNRWA\u201d, \u015eam\u2019\u0131n Yermuk Semtinde silahl\u0131 ter\u00f6r \u00f6rg\u00fctleri taraf\u0131ndan abluka alt\u0131ndaki ahaliye insani acil yard\u0131mlar da\u011f\u0131tmay\u0131 s\u00fcrd\u00fcrd\u00fc. Kurum Genel M\u00fcd\u00fcr\u00fc Ali Mustafa SANA\u2019ya a\u00e7\u0131klamas\u0131nda, Kurum ile UNRWA\u2019n\u0131n Tadamun Semti kanal\u0131yla Yerm\u00fck Belediyesi yak\u0131nlar\u0131ndaki Filistin Caddesinde ekmek, \u015feker ve g\u0131da &hellip;<\/p>\n","protected":false},"author":1,"featured_media":25730,"comment_status":"closed","ping_status":"closed","sticky":false,"template":"","format":"standard","meta":{"footnotes":""},"categories":[479,478],"tags":[12775,12774],"class_list":["post-27170","post","type-post","status-publish","format-standard","has-post-thumbnail","","category-haberler-yerel","category-yerel","tag-samin-yermuk-semtinde-silahli-teror-orgutleri-tarafindan-abluka-altindaki-ahaliye-insani-acil-yardimlar-dagitmayi-surdurdu","tag-teror-orgutlerince-abluka-altindaki-yermuk-ahalisine-441-gida-paketi-dagitildi-sam-suriye-hukumetinin-destegi-ile-filistinli-multeciler-genel-kurumu-ve-filistinli-multecilere-ilkyardim-ve-calistirma"],"_links":{"self":[{"href":"https:\/\/archive.sana.sy\/tr\/index.php?rest_route=\/wp\/v2\/posts\/27170","targetHints":{"allow":["GET"]}}],"collection":[{"href":"https:\/\/archive.sana.sy\/tr\/index.php?rest_route=\/wp\/v2\/posts"}],"about":[{"href":"https:\/\/archive.sana.sy\/tr\/index.php?rest_route=\/wp\/v2\/types\/post"}],"author":[{"embeddable":true,"href":"https:\/\/archive.sana.sy\/tr\/index.php?rest_route=\/wp\/v2\/users\/1"}],"replies":[{"embeddable":true,"href":"https:\/\/archive.sana.sy\/tr\/index.php?rest_route=%2Fwp%2Fv2%2Fcomments&post=27170"}],"version-history":[{"count":0,"href":"https:\/\/archive.sana.sy\/tr\/index.php?rest_route=\/wp\/v2\/posts\/27170\/revisions"}],"wp:featuredmedia":[{"embeddable":true,"href":"https:\/\/archive.sana.sy\/tr\/index.php?rest_route=\/wp\/v2\/media\/25730"}],"wp:attachment":[{"href":"https:\/\/archive.sana.sy\/tr\/index.php?rest_route=%2Fwp%2Fv2%2Fmedia&parent=27170"}],"wp:term":[{"taxonomy":"category","embeddable":true,"href":"https:\/\/archive.sana.sy\/tr\/index.php?rest_route=%2Fwp%2Fv2%2Fcategories&post=27170"},{"taxonomy":"post_tag","embeddable":true,"href":"https:\/\/archive.sana.sy\/tr\/index.php?rest_route=%2Fwp%2Fv2%2Ftags&post=27170"}],"curies":[{"name":"wp","href":"https:\/\/api.w.org\/{rel}","templated":true}]}}