{"id":271746,"date":"2023-01-22T11:44:53","date_gmt":"2023-01-22T09:44:53","guid":{"rendered":"http:\/\/107.6.182.27\/tr\/?p=271746"},"modified":"2023-01-24T07:33:06","modified_gmt":"2023-01-24T05:33:06","slug":"muh-arnus-bir-hukumet-heyetinin-basinda-deyrezzor-valiligini-ziyarete-basladi","status":"publish","type":"post","link":"https:\/\/archive.sana.sy\/tr\/?p=271746","title":{"rendered":"M\u00fch. Arnus, Bir H\u00fck\u00fcmet Heyetinin Ba\u015f\u0131nda Deyrezzor Valili\u011fini Ziyarete Ba\u015flad\u0131"},"content":{"rendered":"<p><strong>\u015eAM \u2013<\/strong> Ba\u015fbakan M\u00fch. H\u00fcseyin Arnus, bir h\u00fck\u00fcmet heyetine ba\u015fkanl\u0131k ederek, toplam maliyeti yakla\u015f\u0131k 14 milyar Suriye liras\u0131 olan bir dizi hizmet, kalk\u0131nma, e\u011fitim ve sanayi projesini rehabilite ettikten sonra hizmete sokmak \u00fczere Deyrezzor Valili\u011fi&#8217;ni ziyaret etmeye ba\u015flad\u0131.<\/p>\n<p><img loading=\"lazy\" decoding=\"async\" class=\"size-medium wp-image-271747 alignright\" src=\"http:\/\/107.6.182.27\/tr\/wp-content\/uploads\/2023\/01\/photo_2023-01-22_12-45-50-300x169.jpg\" alt=\"\" width=\"300\" height=\"169\" srcset=\"https:\/\/archive.sana.sy\/tr\/wp-content\/uploads\/2023\/01\/photo_2023-01-22_12-45-50-300x169.jpg 300w, https:\/\/archive.sana.sy\/tr\/wp-content\/uploads\/2023\/01\/photo_2023-01-22_12-45-50-1024x576.jpg 1024w, https:\/\/archive.sana.sy\/tr\/wp-content\/uploads\/2023\/01\/photo_2023-01-22_12-45-50-150x84.jpg 150w, https:\/\/archive.sana.sy\/tr\/wp-content\/uploads\/2023\/01\/photo_2023-01-22_12-45-50-768x432.jpg 768w, https:\/\/archive.sana.sy\/tr\/wp-content\/uploads\/2023\/01\/photo_2023-01-22_12-45-50.jpg 1280w\" sizes=\"auto, (max-width: 300px) 100vw, 300px\" \/>Bu projeler, \u00e7e\u015fitli gerekli ve temel malzeme ve hizmetleri g\u00fcvence alt\u0131na al\u0131rken, valilikteki hizmet ve kalk\u0131nma ger\u00e7eklerinin iyile\u015ftirilmesine katk\u0131da bulunur.<\/p>\n<p>Ba\u015fbakan Arnus&#8217;a, \u0130leti\u015fim ve Teknoloji Bakan\u0131 M\u00fch. Iyad El Hatib, Y\u00fcksek \u00d6\u011frenim ve Bilimsel Ara\u015ft\u0131rma Bakan\u0131 Dr. Bassam \u0130brahim, Su Kaynaklar\u0131 Bakan\u0131 Dr. Tammam Raad ve Tar\u0131m ve Tar\u0131m Reformu Bakan\u0131 M\u00fch. Muhammed Hassan Katna e\u015flik ediyor.<\/p>\n<p><a href=\"https:\/\/t.me\/SuriyeArapHaberAjansI\">Telegram Kanal\u0131m\u0131z\u00a0<\/a><\/p>\n<p><a href=\"https:\/\/www.facebook.com\/SANAHaberAjansi\/\">Facebook Sayfam\u0131z<\/a><\/p>\n<div id='gallery-1' class='gallery galleryid-271746 gallery-columns-2 gallery-size-full'><figure class='gallery-item'>\n\t\t\t<div class='gallery-icon landscape'>\n\t\t\t\t<a href='https:\/\/archive.sana.sy\/tr\/wp-content\/uploads\/2023\/01\/photo_2023-01-22_12-45-55.jpg'><img loading=\"lazy\" decoding=\"async\" width=\"1280\" height=\"844\" src=\"https:\/\/archive.sana.sy\/tr\/wp-content\/uploads\/2023\/01\/photo_2023-01-22_12-45-55.jpg\" class=\"attachment-full size-full\" alt=\"\" srcset=\"https:\/\/archive.sana.sy\/tr\/wp-content\/uploads\/2023\/01\/photo_2023-01-22_12-45-55.jpg 1280w, https:\/\/archive.sana.sy\/tr\/wp-content\/uploads\/2023\/01\/photo_2023-01-22_12-45-55-300x198.jpg 300w, https:\/\/archive.sana.sy\/tr\/wp-content\/uploads\/2023\/01\/photo_2023-01-22_12-45-55-1024x675.jpg 1024w, https:\/\/archive.sana.sy\/tr\/wp-content\/uploads\/2023\/01\/photo_2023-01-22_12-45-55-150x99.jpg 150w, https:\/\/archive.sana.sy\/tr\/wp-content\/uploads\/2023\/01\/photo_2023-01-22_12-45-55-768x506.jpg 768w, https:\/\/archive.sana.sy\/tr\/wp-content\/uploads\/2023\/01\/photo_2023-01-22_12-45-55-310x205.jpg 310w\" sizes=\"auto, (max-width: 1280px) 100vw, 1280px\" \/><\/a>\n\t\t\t<\/div><\/figure><figure class='gallery-item'>\n\t\t\t<div class='gallery-icon landscape'>\n\t\t\t\t<a href='https:\/\/archive.sana.sy\/tr\/wp-content\/uploads\/2023\/01\/photo_2023-01-22_12-45-58.jpg'><img loading=\"lazy\" decoding=\"async\" width=\"1280\" height=\"697\" src=\"https:\/\/archive.sana.sy\/tr\/wp-content\/uploads\/2023\/01\/photo_2023-01-22_12-45-58.jpg\" class=\"attachment-full size-full\" alt=\"\" srcset=\"https:\/\/archive.sana.sy\/tr\/wp-content\/uploads\/2023\/01\/photo_2023-01-22_12-45-58.jpg 1280w, https:\/\/archive.sana.sy\/tr\/wp-content\/uploads\/2023\/01\/photo_2023-01-22_12-45-58-300x163.jpg 300w, https:\/\/archive.sana.sy\/tr\/wp-content\/uploads\/2023\/01\/photo_2023-01-22_12-45-58-1024x558.jpg 1024w, https:\/\/archive.sana.sy\/tr\/wp-content\/uploads\/2023\/01\/photo_2023-01-22_12-45-58-150x82.jpg 150w, https:\/\/archive.sana.sy\/tr\/wp-content\/uploads\/2023\/01\/photo_2023-01-22_12-45-58-768x418.jpg 768w\" sizes=\"auto, (max-width: 1280px) 100vw, 1280px\" \/><\/a>\n\t\t\t<\/div><\/figure>\n\t\t<\/div>\n\n","protected":false},"excerpt":{"rendered":"<p>\u015eAM \u2013 Ba\u015fbakan M\u00fch. H\u00fcseyin Arnus, bir h\u00fck\u00fcmet heyetine ba\u015fkanl\u0131k ederek, toplam maliyeti yakla\u015f\u0131k 14 milyar Suriye liras\u0131 olan bir dizi hizmet, kalk\u0131nma, e\u011fitim ve sanayi projesini rehabilite ettikten sonra hizmete sokmak \u00fczere Deyrezzor Valili\u011fi&#8217;ni ziyaret etmeye ba\u015flad\u0131. Bu projeler, \u00e7e\u015fitli gerekli ve temel malzeme ve hizmetleri g\u00fcvence alt\u0131na al\u0131rken, valilikteki hizmet ve kalk\u0131nma ger\u00e7eklerinin &hellip;<\/p>\n","protected":false},"author":36,"featured_media":271750,"comment_status":"closed","ping_status":"closed","sticky":false,"template":"","format":"standard","meta":{"footnotes":""},"categories":[596,479,17988,478],"tags":[],"class_list":["post-271746","post","type-post","status-publish","format-standard","has-post-thumbnail","","category-fotografli-raporlar","category-haberler-yerel","category-son-haberler","category-yerel"],"_links":{"self":[{"href":"https:\/\/archive.sana.sy\/tr\/index.php?rest_route=\/wp\/v2\/posts\/271746","targetHints":{"allow":["GET"]}}],"collection":[{"href":"https:\/\/archive.sana.sy\/tr\/index.php?rest_route=\/wp\/v2\/posts"}],"about":[{"href":"https:\/\/archive.sana.sy\/tr\/index.php?rest_route=\/wp\/v2\/types\/post"}],"author":[{"embeddable":true,"href":"https:\/\/archive.sana.sy\/tr\/index.php?rest_route=\/wp\/v2\/users\/36"}],"replies":[{"embeddable":true,"href":"https:\/\/archive.sana.sy\/tr\/index.php?rest_route=%2Fwp%2Fv2%2Fcomments&post=271746"}],"version-history":[{"count":0,"href":"https:\/\/archive.sana.sy\/tr\/index.php?rest_route=\/wp\/v2\/posts\/271746\/revisions"}],"wp:featuredmedia":[{"embeddable":true,"href":"https:\/\/archive.sana.sy\/tr\/index.php?rest_route=\/wp\/v2\/media\/271750"}],"wp:attachment":[{"href":"https:\/\/archive.sana.sy\/tr\/index.php?rest_route=%2Fwp%2Fv2%2Fmedia&parent=271746"}],"wp:term":[{"taxonomy":"category","embeddable":true,"href":"https:\/\/archive.sana.sy\/tr\/index.php?rest_route=%2Fwp%2Fv2%2Fcategories&post=271746"},{"taxonomy":"post_tag","embeddable":true,"href":"https:\/\/archive.sana.sy\/tr\/index.php?rest_route=%2Fwp%2Fv2%2Ftags&post=271746"}],"curies":[{"name":"wp","href":"https:\/\/api.w.org\/{rel}","templated":true}]}}