{"id":271803,"date":"2023-01-22T13:00:20","date_gmt":"2023-01-22T11:00:20","guid":{"rendered":"http:\/\/107.6.182.27\/tr\/?p=271803"},"modified":"2023-01-23T07:38:36","modified_gmt":"2023-01-23T05:38:36","slug":"jokey-aya-hamso-engel-atlama-dalinda-bae-baskanlik-kupasinda-kucukler-kategorisinde-birincilik-kazandi","status":"publish","type":"post","link":"https:\/\/archive.sana.sy\/tr\/?p=271803","title":{"rendered":"Jokey Aya Ham\u015fo Engel Atlama Dal\u0131nda BAE Ba\u015fkanl\u0131k Kupas\u0131&#8217;nda K\u00fc\u00e7\u00fckler Kategorisinde Birincilik Kazand\u0131"},"content":{"rendered":"<p><strong>ABU DAB\u0130<\/strong> &#8211; Suriyeli jokey Aya Ham\u015fo, \u015fu anda Abu Dabi&#8217;deki binicilik sahalar\u0131nda d\u00fczenlenen BAE Ba\u015fkanl\u0131k Kupas\u0131&#8217;nda gen\u00e7ler kategorisinin finalinde birinci oldu.<\/p>\n<p>\u0130ki devre halinde oynanan kar\u015f\u0131la\u015fmada, jokey Ham\u015fo zorlu m\u00fccadelelerin ard\u0131ndan birincili\u011fi elde etmeyi ba\u015fard\u0131.<\/p>\n<p>Engelleri 145 cm y\u00fcksekli\u011fe ula\u015fan iki y\u0131ld\u0131z kategorisindeki B\u00fcy\u00fck \u00d6d\u00fcl kar\u015f\u0131la\u015fmas\u0131nda ise 50 erkek ve kad\u0131n binicinin yar\u0131\u015ft\u0131\u011f\u0131 m\u00fccadelede jokey Layis El Ali \u00a0d\u00f6rd\u00fcnc\u00fc oldu.<\/p>\n<div id='gallery-1' class='gallery galleryid-271803 gallery-columns-2 gallery-size-medium'><figure class='gallery-item'>\n\t\t\t<div class='gallery-icon portrait'>\n\t\t\t\t<a href='https:\/\/archive.sana.sy\/tr\/?attachment_id=271805'><img loading=\"lazy\" decoding=\"async\" width=\"297\" height=\"300\" src=\"https:\/\/archive.sana.sy\/tr\/wp-content\/uploads\/2023\/01\/photo_2023-01-22_14-52-08-copy-297x300.jpg\" class=\"attachment-medium size-medium\" alt=\"\" srcset=\"https:\/\/archive.sana.sy\/tr\/wp-content\/uploads\/2023\/01\/photo_2023-01-22_14-52-08-copy-297x300.jpg 297w, https:\/\/archive.sana.sy\/tr\/wp-content\/uploads\/2023\/01\/photo_2023-01-22_14-52-08-copy-148x150.jpg 148w, https:\/\/archive.sana.sy\/tr\/wp-content\/uploads\/2023\/01\/photo_2023-01-22_14-52-08-copy.jpg 660w\" sizes=\"auto, (max-width: 297px) 100vw, 297px\" \/><\/a>\n\t\t\t<\/div><\/figure><figure class='gallery-item'>\n\t\t\t<div class='gallery-icon landscape'>\n\t\t\t\t<a href='https:\/\/archive.sana.sy\/tr\/?attachment_id=271806'><img loading=\"lazy\" decoding=\"async\" width=\"300\" height=\"205\" src=\"https:\/\/archive.sana.sy\/tr\/wp-content\/uploads\/2023\/01\/photo_2023-01-22_14-52-03-300x205.jpg\" class=\"attachment-medium size-medium\" alt=\"\" srcset=\"https:\/\/archive.sana.sy\/tr\/wp-content\/uploads\/2023\/01\/photo_2023-01-22_14-52-03-300x205.jpg 300w, https:\/\/archive.sana.sy\/tr\/wp-content\/uploads\/2023\/01\/photo_2023-01-22_14-52-03-150x103.jpg 150w, https:\/\/archive.sana.sy\/tr\/wp-content\/uploads\/2023\/01\/photo_2023-01-22_14-52-03-110x75.jpg 110w, https:\/\/archive.sana.sy\/tr\/wp-content\/uploads\/2023\/01\/photo_2023-01-22_14-52-03.jpg 660w\" sizes=\"auto, (max-width: 300px) 100vw, 300px\" \/><\/a>\n\t\t\t<\/div><\/figure>\n\t\t<\/div>\n\n<p>R.M.<\/p>\n<p><a href=\"https:\/\/t.me\/SuriyeArapHaberAjansI\">Telegram Kanal\u0131m\u0131z\u00a0<\/a><\/p>\n<p><a href=\"https:\/\/www.facebook.com\/SANAHaberAjansi\/\">Facebook Sayfam\u0131z<\/a><\/p>\n","protected":false},"excerpt":{"rendered":"<p>ABU DAB\u0130 &#8211; Suriyeli jokey Aya Ham\u015fo, \u015fu anda Abu Dabi&#8217;deki binicilik sahalar\u0131nda d\u00fczenlenen BAE Ba\u015fkanl\u0131k Kupas\u0131&#8217;nda gen\u00e7ler kategorisinin finalinde birinci oldu. \u0130ki devre halinde oynanan kar\u015f\u0131la\u015fmada, jokey Ham\u015fo zorlu m\u00fccadelelerin ard\u0131ndan birincili\u011fi elde etmeyi ba\u015fard\u0131. Engelleri 145 cm y\u00fcksekli\u011fe ula\u015fan iki y\u0131ld\u0131z kategorisindeki B\u00fcy\u00fck \u00d6d\u00fcl kar\u015f\u0131la\u015fmas\u0131nda ise 50 erkek ve kad\u0131n binicinin yar\u0131\u015ft\u0131\u011f\u0131 m\u00fccadelede &hellip;<\/p>\n","protected":false},"author":41,"featured_media":271804,"comment_status":"closed","ping_status":"closed","sticky":false,"template":"","format":"standard","meta":{"footnotes":""},"categories":[458,498,459,17988,496],"tags":[],"class_list":["post-271803","post","type-post","status-publish","format-standard","has-post-thumbnail","","category-dunya1","category-dunya-turnuvalari","category-haberler-arap-uluslararasi-politika","category-son-haberler","category-spor"],"_links":{"self":[{"href":"https:\/\/archive.sana.sy\/tr\/index.php?rest_route=\/wp\/v2\/posts\/271803","targetHints":{"allow":["GET"]}}],"collection":[{"href":"https:\/\/archive.sana.sy\/tr\/index.php?rest_route=\/wp\/v2\/posts"}],"about":[{"href":"https:\/\/archive.sana.sy\/tr\/index.php?rest_route=\/wp\/v2\/types\/post"}],"author":[{"embeddable":true,"href":"https:\/\/archive.sana.sy\/tr\/index.php?rest_route=\/wp\/v2\/users\/41"}],"replies":[{"embeddable":true,"href":"https:\/\/archive.sana.sy\/tr\/index.php?rest_route=%2Fwp%2Fv2%2Fcomments&post=271803"}],"version-history":[{"count":0,"href":"https:\/\/archive.sana.sy\/tr\/index.php?rest_route=\/wp\/v2\/posts\/271803\/revisions"}],"wp:featuredmedia":[{"embeddable":true,"href":"https:\/\/archive.sana.sy\/tr\/index.php?rest_route=\/wp\/v2\/media\/271804"}],"wp:attachment":[{"href":"https:\/\/archive.sana.sy\/tr\/index.php?rest_route=%2Fwp%2Fv2%2Fmedia&parent=271803"}],"wp:term":[{"taxonomy":"category","embeddable":true,"href":"https:\/\/archive.sana.sy\/tr\/index.php?rest_route=%2Fwp%2Fv2%2Fcategories&post=271803"},{"taxonomy":"post_tag","embeddable":true,"href":"https:\/\/archive.sana.sy\/tr\/index.php?rest_route=%2Fwp%2Fv2%2Ftags&post=271803"}],"curies":[{"name":"wp","href":"https:\/\/api.w.org\/{rel}","templated":true}]}}