{"id":271818,"date":"2023-01-22T12:22:32","date_gmt":"2023-01-22T10:22:32","guid":{"rendered":"http:\/\/107.6.182.27\/tr\/?p=271818"},"modified":"2023-01-23T07:38:28","modified_gmt":"2023-01-23T05:38:28","slug":"isgal-gucleri-beytullahimde-bir-filistinliyi-tutukladi","status":"publish","type":"post","link":"https:\/\/archive.sana.sy\/tr\/?p=271818","title":{"rendered":"\u0130\u015fgal G\u00fc\u00e7leri Beyt\u00fcllahim&#8217;de Bir Filistinliyi Tutuklad\u0131"},"content":{"rendered":"<p><strong>\u0130\u015eGAL ED\u0130LEN KUD\u00dcS<\/strong> \u2013 \u0130srail i\u015fgal g\u00fc\u00e7leri bug\u00fcn Bat\u0131 Yaka&#8217;n\u0131n Beyt\u00fcllahim \u015fehrinde bir Filistinliyi tutuklad\u0131.<\/p>\n<p>WAFA haber ajans\u0131, i\u015fgal g\u00fc\u00e7lerinin \u015fehrin g\u00fcneyindeki Dehi\u015fe m\u00fclteci kamp\u0131na bask\u0131n d\u00fczenledi\u011fini ve bir Filistinliyi tutuklad\u0131\u011f\u0131n\u0131 bildirdi.<\/p>\n<p>\u0130srail i\u015fgal g\u00fc\u00e7leri bug\u00fcn erken saatlerde Bat\u0131 Yaka&#8217;daki El Halil&#8217;de bir Filistinliyi da tutuklad\u0131.<\/p>\n<p>&nbsp;<\/p>\n<p>R.M.<\/p>\n<p><a href=\"https:\/\/t.me\/SuriyeArapHaberAjansI\">Telegram Kanal\u0131m\u0131z\u00a0<\/a><\/p>\n<p><a href=\"https:\/\/www.facebook.com\/SANAHaberAjansi\/\">Facebook Sayfam\u0131z<\/a><\/p>\n","protected":false},"excerpt":{"rendered":"<p>\u0130\u015eGAL ED\u0130LEN KUD\u00dcS \u2013 \u0130srail i\u015fgal g\u00fc\u00e7leri bug\u00fcn Bat\u0131 Yaka&#8217;n\u0131n Beyt\u00fcllahim \u015fehrinde bir Filistinliyi tutuklad\u0131. WAFA haber ajans\u0131, i\u015fgal g\u00fc\u00e7lerinin \u015fehrin g\u00fcneyindeki Dehi\u015fe m\u00fclteci kamp\u0131na bask\u0131n d\u00fczenledi\u011fini ve bir Filistinliyi tutuklad\u0131\u011f\u0131n\u0131 bildirdi. \u0130srail i\u015fgal g\u00fc\u00e7leri bug\u00fcn erken saatlerde Bat\u0131 Yaka&#8217;daki El Halil&#8217;de bir Filistinliyi da tutuklad\u0131. &nbsp; R.M. Telegram Kanal\u0131m\u0131z\u00a0 Facebook Sayfam\u0131z<\/p>\n","protected":false},"author":41,"featured_media":271819,"comment_status":"closed","ping_status":"closed","sticky":false,"template":"","format":"standard","meta":{"footnotes":""},"categories":[458,459,17988],"tags":[],"class_list":["post-271818","post","type-post","status-publish","format-standard","has-post-thumbnail","","category-dunya1","category-haberler-arap-uluslararasi-politika","category-son-haberler"],"_links":{"self":[{"href":"https:\/\/archive.sana.sy\/tr\/index.php?rest_route=\/wp\/v2\/posts\/271818","targetHints":{"allow":["GET"]}}],"collection":[{"href":"https:\/\/archive.sana.sy\/tr\/index.php?rest_route=\/wp\/v2\/posts"}],"about":[{"href":"https:\/\/archive.sana.sy\/tr\/index.php?rest_route=\/wp\/v2\/types\/post"}],"author":[{"embeddable":true,"href":"https:\/\/archive.sana.sy\/tr\/index.php?rest_route=\/wp\/v2\/users\/41"}],"replies":[{"embeddable":true,"href":"https:\/\/archive.sana.sy\/tr\/index.php?rest_route=%2Fwp%2Fv2%2Fcomments&post=271818"}],"version-history":[{"count":0,"href":"https:\/\/archive.sana.sy\/tr\/index.php?rest_route=\/wp\/v2\/posts\/271818\/revisions"}],"wp:featuredmedia":[{"embeddable":true,"href":"https:\/\/archive.sana.sy\/tr\/index.php?rest_route=\/wp\/v2\/media\/271819"}],"wp:attachment":[{"href":"https:\/\/archive.sana.sy\/tr\/index.php?rest_route=%2Fwp%2Fv2%2Fmedia&parent=271818"}],"wp:term":[{"taxonomy":"category","embeddable":true,"href":"https:\/\/archive.sana.sy\/tr\/index.php?rest_route=%2Fwp%2Fv2%2Fcategories&post=271818"},{"taxonomy":"post_tag","embeddable":true,"href":"https:\/\/archive.sana.sy\/tr\/index.php?rest_route=%2Fwp%2Fv2%2Ftags&post=271818"}],"curies":[{"name":"wp","href":"https:\/\/api.w.org\/{rel}","templated":true}]}}