{"id":272307,"date":"2023-01-28T14:00:27","date_gmt":"2023-01-28T12:00:27","guid":{"rendered":"http:\/\/107.6.182.27\/tr\/?p=272307"},"modified":"2023-01-29T15:51:49","modified_gmt":"2023-01-29T13:51:49","slug":"suriyenin-genc-futbol-takimi-hazirlik-macinda-cinli-mevkidasini-yendi","status":"publish","type":"post","link":"https:\/\/archive.sana.sy\/tr\/?p=272307","title":{"rendered":"Suriye&#8217;nin Gen\u00e7 Futbol Tak\u0131m\u0131 Haz\u0131rl\u0131k Ma\u00e7\u0131nda \u00c7inli Mevkida\u015f\u0131n\u0131 Yendi"},"content":{"rendered":"<p><strong>ABU DAB\u0130<\/strong> &#8211; Suriye gen\u00e7 futbol tak\u0131m\u0131m\u0131z, Birle\u015fik Arap Emirlikleri&#8217;nde y\u00fcr\u00fctt\u00fc\u011f\u00fc antrenman kamp\u0131nda bug\u00fcn Dubai&#8217;deki El Nasir Club stad\u0131nda bir araya geldi\u011fi haz\u0131rl\u0131k ma\u00e7\u0131nda \u00c7inli rakibini 2-1 golle ma\u011flup etti.<\/p>\n<p>Ma\u00e7\u0131n iki gol\u00fcn\u00fc 39. dakikada Halid El Hacce ve 70. dakikada Huzan Osman kaydetti.<\/p>\n<p>&nbsp;<\/p>\n<p>R.M.<\/p>\n<p><a href=\"https:\/\/t.me\/SuriyeArapHaberAjansI\">Telegram Kanal\u0131m\u0131z\u00a0<\/a><\/p>\n<p><a href=\"https:\/\/www.facebook.com\/SANAHaberAjansi\/\">Facebook Sayfam\u0131z<\/a><\/p>\n","protected":false},"excerpt":{"rendered":"<p>ABU DAB\u0130 &#8211; Suriye gen\u00e7 futbol tak\u0131m\u0131m\u0131z, Birle\u015fik Arap Emirlikleri&#8217;nde y\u00fcr\u00fctt\u00fc\u011f\u00fc antrenman kamp\u0131nda bug\u00fcn Dubai&#8217;deki El Nasir Club stad\u0131nda bir araya geldi\u011fi haz\u0131rl\u0131k ma\u00e7\u0131nda \u00c7inli rakibini 2-1 golle ma\u011flup etti. Ma\u00e7\u0131n iki gol\u00fcn\u00fc 39. dakikada Halid El Hacce ve 70. dakikada Huzan Osman kaydetti. &nbsp; R.M. Telegram Kanal\u0131m\u0131z\u00a0 Facebook Sayfam\u0131z<\/p>\n","protected":false},"author":41,"featured_media":272309,"comment_status":"closed","ping_status":"closed","sticky":false,"template":"","format":"standard","meta":{"footnotes":""},"categories":[458,498,459,17988,496],"tags":[],"class_list":["post-272307","post","type-post","status-publish","format-standard","has-post-thumbnail","","category-dunya1","category-dunya-turnuvalari","category-haberler-arap-uluslararasi-politika","category-son-haberler","category-spor"],"_links":{"self":[{"href":"https:\/\/archive.sana.sy\/tr\/index.php?rest_route=\/wp\/v2\/posts\/272307","targetHints":{"allow":["GET"]}}],"collection":[{"href":"https:\/\/archive.sana.sy\/tr\/index.php?rest_route=\/wp\/v2\/posts"}],"about":[{"href":"https:\/\/archive.sana.sy\/tr\/index.php?rest_route=\/wp\/v2\/types\/post"}],"author":[{"embeddable":true,"href":"https:\/\/archive.sana.sy\/tr\/index.php?rest_route=\/wp\/v2\/users\/41"}],"replies":[{"embeddable":true,"href":"https:\/\/archive.sana.sy\/tr\/index.php?rest_route=%2Fwp%2Fv2%2Fcomments&post=272307"}],"version-history":[{"count":0,"href":"https:\/\/archive.sana.sy\/tr\/index.php?rest_route=\/wp\/v2\/posts\/272307\/revisions"}],"wp:featuredmedia":[{"embeddable":true,"href":"https:\/\/archive.sana.sy\/tr\/index.php?rest_route=\/wp\/v2\/media\/272309"}],"wp:attachment":[{"href":"https:\/\/archive.sana.sy\/tr\/index.php?rest_route=%2Fwp%2Fv2%2Fmedia&parent=272307"}],"wp:term":[{"taxonomy":"category","embeddable":true,"href":"https:\/\/archive.sana.sy\/tr\/index.php?rest_route=%2Fwp%2Fv2%2Fcategories&post=272307"},{"taxonomy":"post_tag","embeddable":true,"href":"https:\/\/archive.sana.sy\/tr\/index.php?rest_route=%2Fwp%2Fv2%2Ftags&post=272307"}],"curies":[{"name":"wp","href":"https:\/\/api.w.org\/{rel}","templated":true}]}}