{"id":272378,"date":"2023-01-29T23:11:03","date_gmt":"2023-01-29T21:11:03","guid":{"rendered":"http:\/\/107.6.182.27\/tr\/?p=272378"},"modified":"2023-01-31T07:55:06","modified_gmt":"2023-01-31T05:55:06","slug":"suriyeli-jokey-sam-esad-fatima-bint-mubarak-uluslararasi-akademi-sampiyonasinin-kucuk-odulunu-kazandi","status":"publish","type":"post","link":"https:\/\/archive.sana.sy\/tr\/?p=272378","title":{"rendered":"Suriyeli Jokey \u015eam Esad, Fatima Bint Mubarak Uluslararas\u0131 Akademi \u015eampiyonas\u0131&#8217;n\u0131n K\u00fc\u00e7\u00fck \u00d6d\u00fcl\u00fcn\u00fc Kazand\u0131"},"content":{"rendered":"<p><strong>ABU DAB\u0130<\/strong> \u2013 Suriyeli jokey \u015eam Esad, \u015fu anda Abu Dabi&#8217;de d\u00fczenlenen Fatima Bint Mubarak Kad\u0131nlar Akademi \u015eampiyonas\u0131&#8217;nda gen\u00e7ler milli tak\u0131m\u0131m\u0131z k\u00fc\u00e7\u00fck \u00f6d\u00fcl\u00fcn sahibi oldu.<\/p>\n<p>57 jokeyin kat\u0131l\u0131m\u0131yla, jokey \u015eam Esad ma\u00e7ta birinci oldu, milli tak\u0131m\u0131m\u0131z\u0131n jokeyi Aya Ham\u015fo ise ikincili\u011fi elde etmeyi ba\u015fard\u0131.<\/p>\n<p><a href=\"https:\/\/t.me\/SuriyeArapHaberAjansI\"><span style=\"color: #0000ff;\">Telgram Kanal\u0131m\u0131z\u00a0<\/span><\/a><\/p>\n<p><span style=\"color: #0000ff;\"><a style=\"color: #0000ff;\" href=\"https:\/\/www.facebook.com\/SANAHaberAjansi\/\">Facebook Sayfam\u0131z<\/a><\/span><\/p>\n<div id='gallery-1' class='gallery galleryid-272378 gallery-columns-3 gallery-size-full'><figure class='gallery-item'>\n\t\t\t<div class='gallery-icon landscape'>\n\t\t\t\t<a href='https:\/\/archive.sana.sy\/tr\/wp-content\/uploads\/2023\/01\/photo_2023-01-29_21-42-11.jpg'><img loading=\"lazy\" decoding=\"async\" width=\"660\" height=\"627\" src=\"https:\/\/archive.sana.sy\/tr\/wp-content\/uploads\/2023\/01\/photo_2023-01-29_21-42-11.jpg\" class=\"attachment-full size-full\" alt=\"\" srcset=\"https:\/\/archive.sana.sy\/tr\/wp-content\/uploads\/2023\/01\/photo_2023-01-29_21-42-11.jpg 660w, https:\/\/archive.sana.sy\/tr\/wp-content\/uploads\/2023\/01\/photo_2023-01-29_21-42-11-300x285.jpg 300w, https:\/\/archive.sana.sy\/tr\/wp-content\/uploads\/2023\/01\/photo_2023-01-29_21-42-11-150x143.jpg 150w\" sizes=\"auto, (max-width: 660px) 100vw, 660px\" \/><\/a>\n\t\t\t<\/div><\/figure><figure class='gallery-item'>\n\t\t\t<div class='gallery-icon landscape'>\n\t\t\t\t<a href='https:\/\/archive.sana.sy\/tr\/wp-content\/uploads\/2023\/01\/photo_2023-01-29_21-42-26-1.jpg'><img loading=\"lazy\" decoding=\"async\" width=\"660\" height=\"511\" src=\"https:\/\/archive.sana.sy\/tr\/wp-content\/uploads\/2023\/01\/photo_2023-01-29_21-42-26-1.jpg\" class=\"attachment-full size-full\" alt=\"\" srcset=\"https:\/\/archive.sana.sy\/tr\/wp-content\/uploads\/2023\/01\/photo_2023-01-29_21-42-26-1.jpg 660w, https:\/\/archive.sana.sy\/tr\/wp-content\/uploads\/2023\/01\/photo_2023-01-29_21-42-26-1-300x232.jpg 300w, https:\/\/archive.sana.sy\/tr\/wp-content\/uploads\/2023\/01\/photo_2023-01-29_21-42-26-1-150x116.jpg 150w\" sizes=\"auto, (max-width: 660px) 100vw, 660px\" \/><\/a>\n\t\t\t<\/div><\/figure><figure class='gallery-item'>\n\t\t\t<div class='gallery-icon landscape'>\n\t\t\t\t<a href='https:\/\/archive.sana.sy\/tr\/wp-content\/uploads\/2023\/01\/photo_2023-01-29_21-42-39.jpg'><img loading=\"lazy\" decoding=\"async\" width=\"660\" height=\"478\" src=\"https:\/\/archive.sana.sy\/tr\/wp-content\/uploads\/2023\/01\/photo_2023-01-29_21-42-39.jpg\" class=\"attachment-full size-full\" alt=\"\" srcset=\"https:\/\/archive.sana.sy\/tr\/wp-content\/uploads\/2023\/01\/photo_2023-01-29_21-42-39.jpg 660w, https:\/\/archive.sana.sy\/tr\/wp-content\/uploads\/2023\/01\/photo_2023-01-29_21-42-39-300x217.jpg 300w, https:\/\/archive.sana.sy\/tr\/wp-content\/uploads\/2023\/01\/photo_2023-01-29_21-42-39-150x109.jpg 150w\" sizes=\"auto, (max-width: 660px) 100vw, 660px\" \/><\/a>\n\t\t\t<\/div><\/figure>\n\t\t<\/div>\n\n<p><a href=\"https:\/\/t.me\/SuriyeArapHaberAjansI\">Telgram Kanal\u0131m\u0131z\u00a0<\/a><\/p>\n<p><a href=\"https:\/\/www.facebook.com\/SANAHaberAjansi\/\">Facebook Sayfam\u0131z<\/a><\/p>\n","protected":false},"excerpt":{"rendered":"<p>ABU DAB\u0130 \u2013 Suriyeli jokey \u015eam Esad, \u015fu anda Abu Dabi&#8217;de d\u00fczenlenen Fatima Bint Mubarak Kad\u0131nlar Akademi \u015eampiyonas\u0131&#8217;nda gen\u00e7ler milli tak\u0131m\u0131m\u0131z k\u00fc\u00e7\u00fck \u00f6d\u00fcl\u00fcn sahibi oldu. 57 jokeyin kat\u0131l\u0131m\u0131yla, jokey \u015eam Esad ma\u00e7ta birinci oldu, milli tak\u0131m\u0131m\u0131z\u0131n jokeyi Aya Ham\u015fo ise ikincili\u011fi elde etmeyi ba\u015fard\u0131. Telgram Kanal\u0131m\u0131z\u00a0 Facebook Sayfam\u0131z Telgram Kanal\u0131m\u0131z\u00a0 Facebook Sayfam\u0131z<\/p>\n","protected":false},"author":39,"featured_media":272379,"comment_status":"closed","ping_status":"closed","sticky":false,"template":"","format":"standard","meta":{"footnotes":""},"categories":[498,596,17988,496],"tags":[],"class_list":["post-272378","post","type-post","status-publish","format-standard","has-post-thumbnail","","category-dunya-turnuvalari","category-fotografli-raporlar","category-son-haberler","category-spor"],"_links":{"self":[{"href":"https:\/\/archive.sana.sy\/tr\/index.php?rest_route=\/wp\/v2\/posts\/272378","targetHints":{"allow":["GET"]}}],"collection":[{"href":"https:\/\/archive.sana.sy\/tr\/index.php?rest_route=\/wp\/v2\/posts"}],"about":[{"href":"https:\/\/archive.sana.sy\/tr\/index.php?rest_route=\/wp\/v2\/types\/post"}],"author":[{"embeddable":true,"href":"https:\/\/archive.sana.sy\/tr\/index.php?rest_route=\/wp\/v2\/users\/39"}],"replies":[{"embeddable":true,"href":"https:\/\/archive.sana.sy\/tr\/index.php?rest_route=%2Fwp%2Fv2%2Fcomments&post=272378"}],"version-history":[{"count":0,"href":"https:\/\/archive.sana.sy\/tr\/index.php?rest_route=\/wp\/v2\/posts\/272378\/revisions"}],"wp:featuredmedia":[{"embeddable":true,"href":"https:\/\/archive.sana.sy\/tr\/index.php?rest_route=\/wp\/v2\/media\/272379"}],"wp:attachment":[{"href":"https:\/\/archive.sana.sy\/tr\/index.php?rest_route=%2Fwp%2Fv2%2Fmedia&parent=272378"}],"wp:term":[{"taxonomy":"category","embeddable":true,"href":"https:\/\/archive.sana.sy\/tr\/index.php?rest_route=%2Fwp%2Fv2%2Fcategories&post=272378"},{"taxonomy":"post_tag","embeddable":true,"href":"https:\/\/archive.sana.sy\/tr\/index.php?rest_route=%2Fwp%2Fv2%2Ftags&post=272378"}],"curies":[{"name":"wp","href":"https:\/\/api.w.org\/{rel}","templated":true}]}}