{"id":272526,"date":"2023-01-31T14:26:41","date_gmt":"2023-01-31T12:26:41","guid":{"rendered":"http:\/\/107.6.182.27\/tr\/?p=272526"},"modified":"2023-02-02T07:44:52","modified_gmt":"2023-02-02T05:44:52","slug":"haseke-valisi-uluslararasi-orgut-ve-organlarin-temsilcileriyle-valiligin-onceliklerini-ve-ihtiyaclarini-gorustu","status":"publish","type":"post","link":"https:\/\/archive.sana.sy\/tr\/?p=272526","title":{"rendered":"Haseke Valisi, Uluslararasi \u00d6rg\u00fct Ve Organlarin Temsilcileriyle Valili\u011fin \u00d6nceliklerini Ve \u0130htiya\u00e7lar\u0131n\u0131 G\u00f6r\u00fc\u015ft\u00fc"},"content":{"rendered":"<p><strong>HASEKE<\/strong> &#8211; Haseke Valisi Luay Sayyuh, Haseke Valili\u011fi&#8217;nde faaliyet g\u00f6steren uluslararas\u0131 \u00f6rg\u00fct ve organlar\u0131n temsilcileriyle, \u00f6zellikle sa\u011fl\u0131k ve su alan\u0131nda olmak \u00fczere, bu y\u0131l boyunca valili\u011fin ihtiya\u00e7lar\u0131n\u0131n \u00f6nceliklerini g\u00f6r\u00fc\u015ft\u00fc.<\/p>\n<p>Sayyuh, Amerikan ve T\u00fcrk i\u015fgallerinin varl\u0131\u011f\u0131yla temsil edilen, bunu engelleyen t\u00fcm engellere ra\u011fmen, Suriye h\u00fck\u00fcmetinin mevcut imkanlara g\u00f6re halka hizmet vermeye devam edece\u011fini vurgulayarak, uluslararas\u0131 kurulu\u015flara sa\u011fl\u0131k, su ve insani yard\u0131m sekt\u00f6rlerinde verilen deste\u011fi art\u0131rma \u00e7a\u011fr\u0131s\u0131nda bulundu.<\/p>\n<p>Vali ayr\u0131ca, zor ve \u00e7etin ko\u015fullardan ge\u00e7en valilikteki en muhta\u00e7 gruplara insani ve yard\u0131m yard\u0131mlar\u0131n\u0131n ula\u015ft\u0131r\u0131lmas\u0131 i\u00e7in uluslararas\u0131 kurulu\u015flar\u0131n \u00e7al\u0131\u015fmalar\u0131 i\u00e7in gerekli deste\u011fi ve imkanlar\u0131 sa\u011flamaya valili\u011fin haz\u0131r oldu\u011funu ifade etti.<\/p>\n<p>G\u00f6r\u00fc\u015fmede Haseke Sa\u011fl\u0131k Dairesi M\u00fcd\u00fcr\u00fc Dr. \u0130sa Halaf, vilayetteki sa\u011fl\u0131k durumu ve son y\u0131llarda sa\u011fl\u0131k tesislerini etkileyen zararlar ve bunlar\u0131n ger\u00e7eklere yans\u0131malar\u0131 hakk\u0131nda genel bir bilgi sunarken,\u00a0 Haseke Devlet Hastanesi&#8217;nin hizmet d\u0131\u015f\u0131 kalmas\u0131ndan sonra Haseke \u015fehrinde modernize edilen t\u0131p merkezinin ulusal bir hastaneye d\u00f6n\u00fc\u015ft\u00fcr\u00fclmesi i\u00e7in gerekli deste\u011fin sa\u011flanmas\u0131 gerekti\u011fini vurgulad\u0131.<\/p>\n<p>Haseke \u015eehir Meclisi ba\u015fkan\u0131 M\u00fchendis Adnan Haco ise, \u00f6zellikle temizlik projelerinin desteklenmesi ve belediye meclisinin mekanizmalar\u0131nda reform yap\u0131lmas\u0131yla ilgili olarak, konseyin \u00e7al\u0131\u015fmalar\u0131na y\u00f6nelik uluslararas\u0131 kurulu\u015flar\u0131n deste\u011finin devam etmesi \u00e7a\u011fr\u0131s\u0131nda bulundu.<\/p>\n<p>&nbsp;<\/p>\n<p>R.M.<\/p>\n<p><a href=\"https:\/\/t.me\/SuriyeArapHaberAjansI\">Telegram Kanal\u0131m\u0131z\u00a0<\/a><\/p>\n<p><a href=\"https:\/\/www.facebook.com\/SANAHaberAjansi\/\">Facebook Sayfam\u0131z<\/a><\/p>\n","protected":false},"excerpt":{"rendered":"<p>HASEKE &#8211; Haseke Valisi Luay Sayyuh, Haseke Valili\u011fi&#8217;nde faaliyet g\u00f6steren uluslararas\u0131 \u00f6rg\u00fct ve organlar\u0131n temsilcileriyle, \u00f6zellikle sa\u011fl\u0131k ve su alan\u0131nda olmak \u00fczere, bu y\u0131l boyunca valili\u011fin ihtiya\u00e7lar\u0131n\u0131n \u00f6nceliklerini g\u00f6r\u00fc\u015ft\u00fc. Sayyuh, Amerikan ve T\u00fcrk i\u015fgallerinin varl\u0131\u011f\u0131yla temsil edilen, bunu engelleyen t\u00fcm engellere ra\u011fmen, Suriye h\u00fck\u00fcmetinin mevcut imkanlara g\u00f6re halka hizmet vermeye devam edece\u011fini vurgulayarak, uluslararas\u0131 kurulu\u015flara &hellip;<\/p>\n","protected":false},"author":41,"featured_media":272527,"comment_status":"closed","ping_status":"closed","sticky":false,"template":"","format":"standard","meta":{"footnotes":""},"categories":[479,17988,478],"tags":[],"class_list":["post-272526","post","type-post","status-publish","format-standard","has-post-thumbnail","","category-haberler-yerel","category-son-haberler","category-yerel"],"_links":{"self":[{"href":"https:\/\/archive.sana.sy\/tr\/index.php?rest_route=\/wp\/v2\/posts\/272526","targetHints":{"allow":["GET"]}}],"collection":[{"href":"https:\/\/archive.sana.sy\/tr\/index.php?rest_route=\/wp\/v2\/posts"}],"about":[{"href":"https:\/\/archive.sana.sy\/tr\/index.php?rest_route=\/wp\/v2\/types\/post"}],"author":[{"embeddable":true,"href":"https:\/\/archive.sana.sy\/tr\/index.php?rest_route=\/wp\/v2\/users\/41"}],"replies":[{"embeddable":true,"href":"https:\/\/archive.sana.sy\/tr\/index.php?rest_route=%2Fwp%2Fv2%2Fcomments&post=272526"}],"version-history":[{"count":0,"href":"https:\/\/archive.sana.sy\/tr\/index.php?rest_route=\/wp\/v2\/posts\/272526\/revisions"}],"wp:featuredmedia":[{"embeddable":true,"href":"https:\/\/archive.sana.sy\/tr\/index.php?rest_route=\/wp\/v2\/media\/272527"}],"wp:attachment":[{"href":"https:\/\/archive.sana.sy\/tr\/index.php?rest_route=%2Fwp%2Fv2%2Fmedia&parent=272526"}],"wp:term":[{"taxonomy":"category","embeddable":true,"href":"https:\/\/archive.sana.sy\/tr\/index.php?rest_route=%2Fwp%2Fv2%2Fcategories&post=272526"},{"taxonomy":"post_tag","embeddable":true,"href":"https:\/\/archive.sana.sy\/tr\/index.php?rest_route=%2Fwp%2Fv2%2Ftags&post=272526"}],"curies":[{"name":"wp","href":"https:\/\/api.w.org\/{rel}","templated":true}]}}