{"id":27255,"date":"2015-03-22T23:59:08","date_gmt":"2015-03-22T21:59:08","guid":{"rendered":"http:\/\/www.sana.sy\/tr\/?p=27255"},"modified":"2015-03-23T16:12:07","modified_gmt":"2015-03-23T14:12:07","slug":"radikal-ve-hain-teror-cetelere-yonelik-operasyonlar-basariyla-suruyor","status":"publish","type":"post","link":"https:\/\/archive.sana.sy\/tr\/?p=27255","title":{"rendered":"Radikal ve Hain Ter\u00f6r \u00c7etelere Y\u00f6nelik Operasyonlar Ba\u015far\u0131yla S\u00fcr\u00fcyor"},"content":{"rendered":"<p>\u0130LLER \u2013 \u00c7okuluslu ve hain ter\u00f6ristlere y\u00f6nelik ba\u015far\u0131l\u0131 operasyonlar\u0131n\u0131 s\u00fcrd\u00fcren ordu birliklerimiz bug\u00fcn de vah\u015fetlerinde s\u0131n\u0131r tan\u0131mayan \u00e7eteleri say\u0131 ve ara\u00e7lar\u0131yla b\u00fcy\u00fck kay\u0131plara u\u011fratt\u0131.<\/p>\n<p><span style=\"color: #0000ff\">\u015eam K\u0131rsal\u0131nda Nusra Cephesi ve Cund el \u015eam Adl\u0131 Ter\u00f6r \u00d6rg\u00fctlerinden \u00c7ok Say\u0131da Ter\u00f6rist \u00d6ld\u00fcr\u00fcld\u00fc<\/span><\/p>\n<p>Ordu birliklerimizin \u015eam K\u0131rsal\u0131 Do\u011fu Guta\u2019n\u0131n \u00c7iftlik ve K\u00f6yleri ile kuzey Kalamun da\u011flar\u0131nda tekfiri ter\u00f6r h\u00fccrelerine y\u00f6nelik d\u00fczenledi\u011fi ba\u015far\u0131l\u0131 operasyonlar sonucunda Nusra Cephesi ve s\u00f6zde \u201c\u015eam Askerleri\u201d adl\u0131 ter\u00f6r \u00f6rg\u00fctlerinden aralar\u0131nda Libya, Filistin ve L\u00fcbnan uyruklu \u00e7ok say\u0131da ter\u00f6risti \u00f6l\u00fc ve yaral\u0131 d\u00fc\u015f\u00fcrerek i\u00e7indekilerle birlikte bir \u00e7ok ara\u00e7lar\u0131n\u0131 da imha etti.<\/p>\n<p>SANA saha muhabiri, birliklerimizin L\u00fcbnan paralelindeki kuzey Kalamun da\u011flar\u0131nda ter\u00f6ristlerin h\u00fccrelerine y\u00e7lnelik bir ka\u00e7 ba\u015far\u0131l\u0131 operasyon d\u00fczenlediklerini, Musa ve el Rafi Tepeleri ve \u00e7evresi ile Ras el Maarra Beldesi da\u011f eteklerinde \u00e7ok say\u0131da ter\u00f6risti \u00f6ld\u00fcrd\u00fcklerini M\u00fc\u015frife Beldesinde de bir \u00e7ok ter\u00f6ristin \u00f6l\u00fc ve yaral\u0131 d\u00fc\u015f\u00fcrd\u00fcklerini s\u00f6yledi.<\/p>\n<p>Do\u011fu Guta\u2019da ise bir ordu birli\u011fimiz Ayn Terma Beldesindeki belediyenin do\u011fusunda Nusra Cephesi ve s\u00f6zde Cund el \u015eam (\u015eam\u2019\u0131n Askerleri) adl\u0131 ter\u00f6r \u00f6rg\u00fct\u00fc elemanlar\u0131n\u0131n h\u00fccrelerine d\u00fczenledikleri bask\u0131nlarda aralar\u0131nda L\u00fcbnanl\u0131 M\u00fcnir Vahit ve Filistinli Selim el Sellal\u2019\u0131n bulundu\u011fu \u00e7ok say\u0131da ter\u00f6risti \u00f6l\u00fc ve yaral\u0131 d\u00fc\u015f\u00fcrd\u00fc.<\/p>\n<p>Duma kenti ortalar\u0131ndaki el Rahman Camii yak\u0131nlar\u0131nda bir ordu birli\u011fimizin d\u00fczenledi\u011fi ba\u015far\u0131l\u0131 operasyon sonucunda aralar\u0131nda Libyal\u0131 Said Ka\u015fira\u2019n\u0131n bulundu\u011fu \u00e7ok say\u0131da ter\u00f6rist \u00f6l\u00fc ve yaral\u0131 d\u00fc\u015f\u00fcr\u00fcld\u00fc.<\/p>\n<p>Duma\u2019n\u0131n kuzeyinde ise bir ordu birli\u011fimiz Aliya \u00c7iftliklerinde i\u00e7indeki silah, cephane ve arac\u0131n bulundu\u011fu bir h\u00fccreyi imha ederek ara\u00e7 i\u00e7indeki ter\u00f6ristleri de \u00f6ld\u00fcrd\u00fc.<\/p>\n<p>Muhabirimiz, Cobar Semtinde ise bir ordu birli\u011fimiz ile bir ter\u00f6r h\u00fccresi aras\u0131nda kesintili \u00e7at\u0131\u015fmalar ya\u015fan\u0131rken baz\u0131 ter\u00f6ristlerin \u00f6l\u00fc d\u00fc\u015f\u00fcr\u00fcld\u00fc\u011f\u00fcn\u00fc, Do\u011fu Guta\u2019n\u0131n g\u00fcneyindeki Ne\u015f\u015fabiye B\u00f6lgesi Kasimiye K\u00f6y\u00fc \u00c7iftliklerinde bir ordu birli\u011fimizle bir ter\u00f6rist grup aras\u0131nda meydana gelen \u00e7at\u0131\u015fma sonucunda \u00e7ok say\u0131da ter\u00f6ristin \u00f6l\u00fc d\u00fc\u015f\u00fcr\u00fcld\u00fc\u011f\u00fcn\u00fc ifade etti.<\/p>\n<p><span style=\"color: #0000ff\">Halep K\u0131rsal\u0131nda T\u00fcrkiye Taraf\u0131ndan Gelen Ara\u00e7lar\u0131 \u0130mha Edildi<\/span><\/p>\n<p>Halep\u2019te askeri bir kaynak ordu birliklerimizin k\u0131rsal\u0131n kuzeyi Han Toman B\u00f6lgesinde T\u00fcrkiye&#8217;ye a\u00e7\u0131lan uluslar aras\u0131 yol \u00fczerinde ter\u00f6ristlere ait bir\u00e7ok arac\u0131 ta\u015f\u0131d\u0131klar\u0131 ter\u00f6rist ve cephaneyle birlikte imha ettiklerini aktard\u0131.<\/p>\n<p>Mellah mezralar\u0131 b\u00f6lgesinde ise ordu birliklerimizin ter\u00f6r mevkilerini hedef almaya devam etti\u011fini s\u00f6yleyen kaynak, operasyonlarda aralar\u0131nda yabanc\u0131lar\u0131n bulundu\u011fu \u00e7ok say\u0131da ter\u00f6ristin su\u00e7 edatlar\u0131yla birlikte etkisizle\u015ftirildiklerini ifade etti.<\/p>\n<p>Ter\u00f6r \u00e7eteleri medya ara\u00e7lar\u0131nda Halep k\u0131rsal\u0131n\u0131n kuzeyinde aralar\u0131nda az\u0131l\u0131 ter\u00f6ristlerin bulundu\u011fu b\u00fcy\u00fck kay\u0131plar verdiklerini itiraf etti.<\/p>\n<p><span style=\"color: #0000ff\">\u0130dlib K\u0131rsal\u0131nda T\u00fcrkiye&#8217;den Destek Hatlar\u0131 hedef Al\u0131nd\u0131<\/span><\/p>\n<p>\u0130dlib k\u0131rsal\u0131n\u0131n muhtelif b\u00f6lgelerinde Kaide \u00d6rg\u00fct\u00fcn\u00fcn Suriye kolu olan ve T\u00fcrkiye&#8217;deki rejim taraf\u0131ndan desteklenen Nusra Cephesine y\u00f6nelik ba\u015far\u0131l\u0131 operasyonlar\u0131n\u0131 s\u00fcrd\u00fcren ordu birliklerimiz; aralar\u0131nda yabanc\u0131lar\u0131n bulundu\u011fu y\u00fcksek say\u0131da ter\u00f6risti \u00f6l\u00fc yaral\u0131 d\u00fc\u015f\u00fcrd\u00fc.<\/p>\n<p>Askeri kaynak ordu birliklerimizin \u0130dlib Kenti ile Benni\u015f Kasabas\u0131 aras\u0131ndaki yolda aralar\u0131nda yabanc\u0131lar\u0131n bulundu\u011fu onlarca ter\u00f6risti havzalar\u0131nda bulunan a\u011f\u0131r silah ve m\u00fchimmatla birlikte etkisizle\u015ftirdiklerini s\u00f6yledi.<\/p>\n<p>Ariha B\u00f6lgesinin Mantaf Beldesi civar\u0131nda Nusra Cephesinin iki karargah\u0131n\u0131n muhtevalar\u0131yla imha edildi\u011fini belirten kaynak, operasyonda bir k\u0131sm\u0131 a\u011f\u0131r makineli silahlarla donat\u0131lm\u0131\u015f \u00e7ok say\u0131da ara\u00e7la birlikte bir\u00e7ok ter\u00f6ristin etkisizle\u015ftirildi\u011fini aktard\u0131.<\/p>\n<p>T\u00fcrkiye&#8217;deki rejim ile ba\u011flant\u0131 ve destek hatlar\u0131n\u0131 kesme operasyonlar\u0131 kapsam\u0131nda ise ordu birliklerimiz \u0130dlib Kentinin 30 km kuzeyine d\u00fc\u015fen Maartamsarin \u2013 Batenti karayolu \u00fczerinde ter\u00f6ristlere ait bir z\u0131rhl\u0131 arac\u0131n yan\u0131 s\u0131ra a\u011f\u0131r makineli silahlarla donat\u0131lm\u0131\u015f bir\u00e7ok arac\u0131 ta\u015f\u0131d\u0131klar\u0131 ter\u00f6rist ve cephaneyle birlikte imha etti.<\/p>\n<p><span style=\"color: #0000ff\">Dera K\u0131rsal\u0131nda \u0130srail \u00c7eteleri A\u011f\u0131r Kay\u0131plar\u0131n\u0131 \u0130tiraf Etti<\/span><\/p>\n<p>Dera k\u0131rsal\u0131nda ise askeri bir kaynak ordu birliklerimizin Cemrin, Smad ve Busra el \u015eam b\u00f6lgelerinde d\u00fc\u015fman \u0130srail ile ba\u011flant\u0131l\u0131 olarak her t\u00fcrl\u00fc vah\u015feti i\u015fleyen Nusra Cephesine y\u00f6nelik operasyonlar\u0131nda \u00e7ok say\u0131da ter\u00f6risti kulland\u0131klar\u0131 bir\u00e7ok ara\u00e7la birlikte etkisizle\u015ftirdiklerini belirtti.<\/p>\n<p>\u00d6te yandan ordu birliklerimiz Busra el \u015eam \u2013\u00a0 Hamrin karayolu \u00fczerinde Nusra Cephesi \u00e7etelerinin kulland\u0131klar\u0131 biri a\u011f\u0131r makineli silahla donat\u0131lm\u0131\u015f 4X4 \u00e7eker iki arac\u0131 ta\u015f\u0131d\u0131klar\u0131 ter\u00f6rist ve cephaneyle birlikte imha etti.<\/p>\n<p>Bu arada ordu birliklerimiz uluslararas\u0131 tarihi eser miras\u0131nda yer alan Busra Antik Kentinden tarihi eser ka\u00e7\u0131r\u0131p yurtd\u0131\u015f\u0131nda satmakla birlikte belde ahalisine havan mermileri ve f\u00fczelerle sald\u0131ran ter\u00f6r \u00e7etelerine y\u00f6nelik operasyonlar\u0131n\u0131 s\u00fcrd\u00fcr\u00fcrken, \u00dcrd\u00fcn ve \u0130srail destekli ter\u00f6ristler ile ordu birliklerimiz aras\u0131nda \u015fiddetli \u00e7at\u0131\u015fmalar ya\u015fan\u0131yor.<\/p>\n<p>Vatan koruyucular\u0131m\u0131z Dera Kentinin 4 km do\u011fusuna d\u00fc\u015fen Nuayma Beldesinde de Nusra Cepheli bir\u00e7ok ter\u00f6risti silahlar\u0131yla birlikte etkisizle\u015ftirdi.<\/p>\n<p>Di\u011fer yandan vatan koruyucular\u0131 ordu birliklerimiz Enhil Beldesindeki Nusra Cepheli ter\u00f6ristlerin Kayta Beldesindeki ahaliye sald\u0131r\u0131lar\u0131n\u0131 \u00e7\u00f6kertti.<\/p>\n<p>Askeri kaynak ya\u015fanan \u00e7at\u0131\u015fmada sald\u0131rganlar\u0131n b\u00fcy\u00fck \u00e7o\u011funlu\u011funun \u00f6l\u00fc yaral\u0131 ele ge\u00e7irildiklerini aktard\u0131.<\/p>\n<p>Bu arada ter\u00f6r \u00e7eteleri medya ara\u00e7lar\u0131nda \u2018Amud Horan Alay\u0131\u2019 adl\u0131 ter\u00f6r olu\u015fumunun s\u00f6zde askeri komutan yard\u0131mc\u0131s\u0131 olarak adland\u0131rd\u0131klar\u0131 S\u00fcleyman el Hariri\u2019nin beraberinde bulunan \u00e7ok say\u0131da ter\u00f6ristle birlikte ordu birliklerimiz taraf\u0131ndan \u00f6ld\u00fcr\u00fcld\u00fc\u011f\u00fcn\u00fc itiraf etti.<\/p>\n<p><span style=\"color: #0000ff\">Homs K\u0131rsal\u0131n\u0131n Do\u011fusunda I\u015e\u0130D Mevkileri Bombaland\u0131<\/span><\/p>\n<p>\u00d6te yandan ordu birliklerimiz Homs k\u0131rsal\u0131n\u0131n do\u011fusunda Rakka il s\u0131n\u0131rlar\u0131na yak\u0131n Unk el Hava ve Rhum k\u00f6ylerinde I\u015e\u0130D mevkileri ve k\u00fcmelenme yerlerine nitelikli operasyonlarda bulunduklar\u0131n\u0131 belirtti. Operasyonlarda I\u015e\u0130D\u2019li \u00e7ok say\u0131da ter\u00f6ristin kulland\u0131klar\u0131 ara\u00e7 ve silahlarla birlikte etkisizle\u015ftirildi\u011fi kaydedildi.<\/p>\n<p>Bu arada Homs Kentinin 105 km do\u011fusuna d\u00fc\u015fen Rhum B\u00f6lgesinde I\u015e\u0130D \u00e7eteleri T\u00fcrkiye rejiminin deste\u011fi ve T\u00fcrkiyeli arac\u0131lar\u0131n vas\u0131tas\u0131yla Suriye petrol\u00fcn\u00fc \u00e7al\u0131p sat\u0131yor.<\/p>\n<p>A.A. S.\u015e<\/p>\n","protected":false},"excerpt":{"rendered":"<p>\u0130LLER \u2013 \u00c7okuluslu ve hain ter\u00f6ristlere y\u00f6nelik ba\u015far\u0131l\u0131 operasyonlar\u0131n\u0131 s\u00fcrd\u00fcren ordu birliklerimiz bug\u00fcn de vah\u015fetlerinde s\u0131n\u0131r tan\u0131mayan \u00e7eteleri say\u0131 ve ara\u00e7lar\u0131yla b\u00fcy\u00fck kay\u0131plara u\u011fratt\u0131. \u015eam K\u0131rsal\u0131nda Nusra Cephesi ve Cund el \u015eam Adl\u0131 Ter\u00f6r \u00d6rg\u00fctlerinden \u00c7ok Say\u0131da Ter\u00f6rist \u00d6ld\u00fcr\u00fcld\u00fc Ordu birliklerimizin \u015eam K\u0131rsal\u0131 Do\u011fu Guta\u2019n\u0131n \u00c7iftlik ve K\u00f6yleri ile kuzey Kalamun da\u011flar\u0131nda tekfiri ter\u00f6r h\u00fccrelerine &hellip;<\/p>\n","protected":false},"author":1,"featured_media":27258,"comment_status":"closed","ping_status":"closed","sticky":false,"template":"","format":"standard","meta":{"footnotes":""},"categories":[575],"tags":[12802],"class_list":["post-27255","post","type-post","status-publish","format-standard","has-post-thumbnail","","category-olaylar-ve-gercekler","tag-radikal-ve-hain-teror-cetelere-yonelik-operasyonlar-basariyla-suruyor-iller-cokuluslu-ve-hain-teroristlere-yonelik-basarili-operasyonlarini-surduren-ordu-birliklerimiz-bugun-de-vahsetlerinde"],"_links":{"self":[{"href":"https:\/\/archive.sana.sy\/tr\/index.php?rest_route=\/wp\/v2\/posts\/27255","targetHints":{"allow":["GET"]}}],"collection":[{"href":"https:\/\/archive.sana.sy\/tr\/index.php?rest_route=\/wp\/v2\/posts"}],"about":[{"href":"https:\/\/archive.sana.sy\/tr\/index.php?rest_route=\/wp\/v2\/types\/post"}],"author":[{"embeddable":true,"href":"https:\/\/archive.sana.sy\/tr\/index.php?rest_route=\/wp\/v2\/users\/1"}],"replies":[{"embeddable":true,"href":"https:\/\/archive.sana.sy\/tr\/index.php?rest_route=%2Fwp%2Fv2%2Fcomments&post=27255"}],"version-history":[{"count":0,"href":"https:\/\/archive.sana.sy\/tr\/index.php?rest_route=\/wp\/v2\/posts\/27255\/revisions"}],"wp:featuredmedia":[{"embeddable":true,"href":"https:\/\/archive.sana.sy\/tr\/index.php?rest_route=\/wp\/v2\/media\/27258"}],"wp:attachment":[{"href":"https:\/\/archive.sana.sy\/tr\/index.php?rest_route=%2Fwp%2Fv2%2Fmedia&parent=27255"}],"wp:term":[{"taxonomy":"category","embeddable":true,"href":"https:\/\/archive.sana.sy\/tr\/index.php?rest_route=%2Fwp%2Fv2%2Fcategories&post=27255"},{"taxonomy":"post_tag","embeddable":true,"href":"https:\/\/archive.sana.sy\/tr\/index.php?rest_route=%2Fwp%2Fv2%2Ftags&post=27255"}],"curies":[{"name":"wp","href":"https:\/\/api.w.org\/{rel}","templated":true}]}}