{"id":272550,"date":"2023-01-31T17:27:52","date_gmt":"2023-01-31T15:27:52","guid":{"rendered":"http:\/\/107.6.182.27\/tr\/?p=272550"},"modified":"2023-02-02T07:44:56","modified_gmt":"2023-02-02T05:44:56","slug":"kara-tasimaciligi-ve-transit-alaninda-suriye-irak-gorusmeleri","status":"publish","type":"post","link":"https:\/\/archive.sana.sy\/tr\/?p=272550","title":{"rendered":"Kara Ta\u015f\u0131mac\u0131l\u0131\u011f\u0131 Ve Transit Alan\u0131nda Suriye-Irak G\u00f6r\u00fc\u015fmeleri"},"content":{"rendered":"<p><strong>BA\u011eDAT<\/strong> &#8211; Irak Ula\u015ft\u0131rma Bakan\u0131 Rezzak Muheybis\u00a0 El Sadavi, Suriye&#8217;nin Ba\u011fdat B\u00fcy\u00fckel\u00e7isi Sattam Cadan El Dandah ile ula\u015f\u0131m ve transit alan\u0131nda ili\u015fkilerin geli\u015ftirilmesine y\u00f6nelik mekanizmalar\u0131 g\u00f6r\u00fc\u015ft\u00fc.<\/p>\n<p>B\u00fcy\u00fckel\u00e7i El Dandah Ba\u011fdat&#8217;ta SANA muhabirine yapt\u0131\u011f\u0131 a\u00e7\u0131klamada, \u2018\u2019G\u00f6r\u00fc\u015fmede, iki \u00fclkenin iki karde\u015f halk\u0131n istek ve arzular\u0131n\u0131 kar\u015f\u0131layacak \u015fekilde aralar\u0131ndaki i\u015fbirli\u011fi ve koordinasyonu yo\u011funla\u015ft\u0131rmas\u0131n\u0131 gerektiren ortak zorluklarla y\u00fczle\u015fmenin yollar\u0131na de\u011finildi\u2019\u2019 dedi.<\/p>\n<p>El Dandah, iki taraf\u0131n kara ve hava ta\u015f\u0131mac\u0131l\u0131\u011f\u0131 alan\u0131nda ticari t\u0131rlar\u0131n hareketini kolayla\u015ft\u0131rmak ve Irak \u00fczerinden transit ge\u00e7i\u015f sistemini benimsemek alan\u0131nda i\u015fbirli\u011fine duyulan ihtiyac\u0131 vurgulad\u0131klar\u0131n\u0131\u00a0 kaydederek, \u0130ki \u00fclke ve halklar\u0131n yarar\u0131na ula\u015f\u0131m ve demiryolu ba\u011flant\u0131s\u0131 alan\u0131nda en \u00f6nemli stratejik projeleri ger\u00e7ekle\u015ftirmek i\u00e7in kar\u015f\u0131l\u0131kl\u0131 ziyaret ve deneyim al\u0131\u015fveri\u015finin \u00f6nemine ili\u015fkin iki taraf\u0131n vurgusuna i\u015faret etti.<\/p>\n<p>Irak Ula\u015ft\u0131rma Bakanl\u0131\u011f\u0131 da yapt\u0131\u011f\u0131 a\u00e7\u0131klamada, Bakan El Sadavi ve B\u00fcy\u00fckel\u00e7i El Dandah&#8217;\u0131n iki karde\u015f \u00fclke aras\u0131ndaki i\u015fbirli\u011fi ve ili\u015fkiler perspektiflerini ve ula\u015ft\u0131rma alan\u0131nda iki taraf aras\u0131ndaki en \u00f6nemli ortak sorunlar\u0131 g\u00f6r\u00fc\u015ft\u00fcklerini belirtti.<\/p>\n<p>&nbsp;<\/p>\n<p>&nbsp;<\/p>\n<p>R.M.<\/p>\n<p><a href=\"https:\/\/t.me\/SuriyeArapHaberAjansI\">Telegram Kanal\u0131m\u0131z\u00a0<\/a><\/p>\n<p><a href=\"https:\/\/www.facebook.com\/SANAHaberAjansi\/\">Facebook Sayfam\u0131z<\/a><\/p>\n","protected":false},"excerpt":{"rendered":"<p>BA\u011eDAT &#8211; Irak Ula\u015ft\u0131rma Bakan\u0131 Rezzak Muheybis\u00a0 El Sadavi, Suriye&#8217;nin Ba\u011fdat B\u00fcy\u00fckel\u00e7isi Sattam Cadan El Dandah ile ula\u015f\u0131m ve transit alan\u0131nda ili\u015fkilerin geli\u015ftirilmesine y\u00f6nelik mekanizmalar\u0131 g\u00f6r\u00fc\u015ft\u00fc. B\u00fcy\u00fckel\u00e7i El Dandah Ba\u011fdat&#8217;ta SANA muhabirine yapt\u0131\u011f\u0131 a\u00e7\u0131klamada, \u2018\u2019G\u00f6r\u00fc\u015fmede, iki \u00fclkenin iki karde\u015f halk\u0131n istek ve arzular\u0131n\u0131 kar\u015f\u0131layacak \u015fekilde aralar\u0131ndaki i\u015fbirli\u011fi ve koordinasyonu yo\u011funla\u015ft\u0131rmas\u0131n\u0131 gerektiren ortak zorluklarla y\u00fczle\u015fmenin yollar\u0131na &hellip;<\/p>\n","protected":false},"author":41,"featured_media":272551,"comment_status":"closed","ping_status":"closed","sticky":false,"template":"","format":"standard","meta":{"footnotes":""},"categories":[458,459,17988],"tags":[],"class_list":["post-272550","post","type-post","status-publish","format-standard","has-post-thumbnail","","category-dunya1","category-haberler-arap-uluslararasi-politika","category-son-haberler"],"_links":{"self":[{"href":"https:\/\/archive.sana.sy\/tr\/index.php?rest_route=\/wp\/v2\/posts\/272550","targetHints":{"allow":["GET"]}}],"collection":[{"href":"https:\/\/archive.sana.sy\/tr\/index.php?rest_route=\/wp\/v2\/posts"}],"about":[{"href":"https:\/\/archive.sana.sy\/tr\/index.php?rest_route=\/wp\/v2\/types\/post"}],"author":[{"embeddable":true,"href":"https:\/\/archive.sana.sy\/tr\/index.php?rest_route=\/wp\/v2\/users\/41"}],"replies":[{"embeddable":true,"href":"https:\/\/archive.sana.sy\/tr\/index.php?rest_route=%2Fwp%2Fv2%2Fcomments&post=272550"}],"version-history":[{"count":0,"href":"https:\/\/archive.sana.sy\/tr\/index.php?rest_route=\/wp\/v2\/posts\/272550\/revisions"}],"wp:featuredmedia":[{"embeddable":true,"href":"https:\/\/archive.sana.sy\/tr\/index.php?rest_route=\/wp\/v2\/media\/272551"}],"wp:attachment":[{"href":"https:\/\/archive.sana.sy\/tr\/index.php?rest_route=%2Fwp%2Fv2%2Fmedia&parent=272550"}],"wp:term":[{"taxonomy":"category","embeddable":true,"href":"https:\/\/archive.sana.sy\/tr\/index.php?rest_route=%2Fwp%2Fv2%2Fcategories&post=272550"},{"taxonomy":"post_tag","embeddable":true,"href":"https:\/\/archive.sana.sy\/tr\/index.php?rest_route=%2Fwp%2Fv2%2Ftags&post=272550"}],"curies":[{"name":"wp","href":"https:\/\/api.w.org\/{rel}","templated":true}]}}