{"id":272615,"date":"2023-02-01T16:44:59","date_gmt":"2023-02-01T14:44:59","guid":{"rendered":"https:\/\/sana.sy\/tr\/?p=272615"},"modified":"2023-02-03T08:25:11","modified_gmt":"2023-02-03T06:25:11","slug":"suriyeli-drama-yapimcilari-toplantisi-basladi","status":"publish","type":"post","link":"https:\/\/archive.sana.sy\/tr\/?p=272615","title":{"rendered":"Suriyeli Drama Yap\u0131mc\u0131lar\u0131 Bulu\u015fmas\u0131 Ba\u015flad\u0131"},"content":{"rendered":"<p><strong>\u015eAM<\/strong> &#8211; Film ve Televizyon End\u00fcstrisi Komitesi&#8217;nin davetlisi olarak Enformasyon Bakan\u0131 Dr. Butrus El Hallak ve Sanayi Bakan\u0131 Ziyad Subhi Sabba\u011f&#8217;\u0131n huzurunda, bug\u00fcn \u015eam&#8217;daki Sheraton Oteli&#8217;nde \u201cSuriyeli Drama Yap\u0131mc\u0131lar\u0131\u201d bulu\u015fmas\u0131 ba\u015flad\u0131.<\/p>\n<p>Bakan El Hallak \u00a0bulu\u015fmada, &#8221;De\u011ferli ve yap\u0131c\u0131 bir i\u00e7eri\u011fe sahip bir dramaya odaklanmal\u0131 ve Suriye&#8217;nin daha iyi bir resmini sunan dramatik prod\u00fcksiyonun i\u00e7eri\u011fini aramal\u0131y\u0131z&#8221; diyerek, &#8220;Drama tavan\u0131 olmayan bir sekt\u00f6r de\u011fil, daha ziyade d\u00fczenli standartlar ve kontroller dahilinde olmal\u0131d\u0131r&#8221; ifadelerini kulland\u0131.<\/p>\n<p>Bakan El Halla, Enformasyon Bakanl\u0131\u011f\u0131&#8217;n\u0131n 14 drama dizisi sundu\u011funu ve 34 senaryonun yap\u0131m a\u015famas\u0131nda oldu\u011funu belirterek, bunun geli\u015fmenin ve mevcut ko\u015fullara ra\u011fmen en uygun tesislerin sa\u011flanmas\u0131n\u0131n kan\u0131t\u0131 oldu\u011funu belirtirken, bakanl\u0131\u011f\u0131n bu a\u015famada ger\u00e7ek drama yaratman\u0131n pe\u015finde oldu\u011funa ve yeni TV kanallar\u0131n\u0131n yap\u0131m\u0131 ve lisanslanmas\u0131yla ilgilendi\u011fine dikkat \u00e7ekti.<\/p>\n<p>Buna kar\u015f\u0131l\u0131k Sanayi Bakan, \u2018\u2019\u00dclkemiz ger\u00e7eklerini medeni bir dille anlatmak, yap\u0131m \u015firketleri ve drama alan\u0131nda \u00e7al\u0131\u015fanlar arac\u0131l\u0131\u011f\u0131yla d\u00fcnyaya mesaj ta\u015f\u0131yan dramatik yap\u0131m\u0131zla i\u00e7 ve d\u0131\u015f d\u00fcnyaya mesaj vermekten gurur duyuyoruz\u2019\u2019 dedi.<\/p>\n<p>\u015eam Sanayi Odas\u0131 ve k\u0131rsal\u0131 Y\u00f6netim Kurulu Ba\u015fkan\u0131 Muhammad Gazvan El Masri ise drama yap\u0131m \u015firketlerinin y\u00f6neticilerine fon transferi konusunda kolayl\u0131klar sa\u011flanaca\u011f\u0131n\u0131 a\u00e7\u0131klad\u0131.<\/p>\n<p>&nbsp;<\/p>\n<div id='gallery-1' class='gallery galleryid-272615 gallery-columns-1 gallery-size-full'><figure class='gallery-item'>\n\t\t\t<div class='gallery-icon landscape'>\n\t\t\t\t<a href='https:\/\/archive.sana.sy\/tr\/?attachment_id=272616'><img loading=\"lazy\" decoding=\"async\" width=\"660\" height=\"435\" src=\"https:\/\/archive.sana.sy\/tr\/wp-content\/uploads\/2023\/02\/photo_2023-02-01_16-59-58.jpg\" class=\"attachment-full size-full\" alt=\"\" srcset=\"https:\/\/archive.sana.sy\/tr\/wp-content\/uploads\/2023\/02\/photo_2023-02-01_16-59-58.jpg 660w, https:\/\/archive.sana.sy\/tr\/wp-content\/uploads\/2023\/02\/photo_2023-02-01_16-59-58-300x198.jpg 300w, https:\/\/archive.sana.sy\/tr\/wp-content\/uploads\/2023\/02\/photo_2023-02-01_16-59-58-150x99.jpg 150w, https:\/\/archive.sana.sy\/tr\/wp-content\/uploads\/2023\/02\/photo_2023-02-01_16-59-58-310x205.jpg 310w\" sizes=\"auto, (max-width: 660px) 100vw, 660px\" \/><\/a>\n\t\t\t<\/div><\/figure>\n\t\t<\/div>\n\n<p>R.M.<\/p>\n<p><a href=\"https:\/\/t.me\/SuriyeArapHaberAjansI\">Telegram Kanal\u0131m\u0131z\u00a0<\/a><\/p>\n<p><a href=\"https:\/\/www.facebook.com\/SANAHaberAjansi\/\">Facebook Sayfam\u0131z<\/a><\/p>\n","protected":false},"excerpt":{"rendered":"<p>\u015eAM &#8211; Film ve Televizyon End\u00fcstrisi Komitesi&#8217;nin davetlisi olarak Enformasyon Bakan\u0131 Dr. Butrus El Hallak ve Sanayi Bakan\u0131 Ziyad Subhi Sabba\u011f&#8217;\u0131n huzurunda, bug\u00fcn \u015eam&#8217;daki Sheraton Oteli&#8217;nde \u201cSuriyeli Drama Yap\u0131mc\u0131lar\u0131\u201d bulu\u015fmas\u0131 ba\u015flad\u0131. Bakan El Hallak \u00a0bulu\u015fmada, &#8221;De\u011ferli ve yap\u0131c\u0131 bir i\u00e7eri\u011fe sahip bir dramaya odaklanmal\u0131 ve Suriye&#8217;nin daha iyi bir resmini sunan dramatik prod\u00fcksiyonun i\u00e7eri\u011fini aramal\u0131y\u0131z&#8221; &hellip;<\/p>\n","protected":false},"author":41,"featured_media":272619,"comment_status":"closed","ping_status":"closed","sticky":false,"template":"","format":"standard","meta":{"footnotes":""},"categories":[479,516,511,17988,478],"tags":[],"class_list":["post-272615","post","type-post","status-publish","format-standard","has-post-thumbnail","","category-haberler-yerel","category-haberler-kultur-ve-sanat","category-kultur-ve-sanat","category-son-haberler","category-yerel"],"_links":{"self":[{"href":"https:\/\/archive.sana.sy\/tr\/index.php?rest_route=\/wp\/v2\/posts\/272615","targetHints":{"allow":["GET"]}}],"collection":[{"href":"https:\/\/archive.sana.sy\/tr\/index.php?rest_route=\/wp\/v2\/posts"}],"about":[{"href":"https:\/\/archive.sana.sy\/tr\/index.php?rest_route=\/wp\/v2\/types\/post"}],"author":[{"embeddable":true,"href":"https:\/\/archive.sana.sy\/tr\/index.php?rest_route=\/wp\/v2\/users\/41"}],"replies":[{"embeddable":true,"href":"https:\/\/archive.sana.sy\/tr\/index.php?rest_route=%2Fwp%2Fv2%2Fcomments&post=272615"}],"version-history":[{"count":0,"href":"https:\/\/archive.sana.sy\/tr\/index.php?rest_route=\/wp\/v2\/posts\/272615\/revisions"}],"wp:featuredmedia":[{"embeddable":true,"href":"https:\/\/archive.sana.sy\/tr\/index.php?rest_route=\/wp\/v2\/media\/272619"}],"wp:attachment":[{"href":"https:\/\/archive.sana.sy\/tr\/index.php?rest_route=%2Fwp%2Fv2%2Fmedia&parent=272615"}],"wp:term":[{"taxonomy":"category","embeddable":true,"href":"https:\/\/archive.sana.sy\/tr\/index.php?rest_route=%2Fwp%2Fv2%2Fcategories&post=272615"},{"taxonomy":"post_tag","embeddable":true,"href":"https:\/\/archive.sana.sy\/tr\/index.php?rest_route=%2Fwp%2Fv2%2Ftags&post=272615"}],"curies":[{"name":"wp","href":"https:\/\/api.w.org\/{rel}","templated":true}]}}