{"id":27262,"date":"2015-03-22T17:32:22","date_gmt":"2015-03-22T15:32:22","guid":{"rendered":"http:\/\/www.sana.sy\/tr\/?p=27262"},"modified":"2015-03-23T16:14:07","modified_gmt":"2015-03-23T14:14:07","slug":"istisare-oturumlarinin-ikinci-turuna-hazirliklar-el-esad-ve-rus-heyetin-gundeminde","status":"publish","type":"post","link":"https:\/\/archive.sana.sy\/tr\/?p=27262","title":{"rendered":"\u0130sti\u015fare Oturumlar\u0131n\u0131n \u0130kinci Turuna Haz\u0131rl\u0131klar El Esad ve Rus Heyetin G\u00fcndeminde"},"content":{"rendered":"<p>\u015eAM \u2013 Cumhurba\u015fkan\u0131 Be\u015f\u015far el Esad bug\u00fcn sabah saatlerinde Rus \u00f6zel temsilci Azmatullah Kolmohammadov ve ona e\u015flik eden Rus heyeti kabul ederek, Rusya&#8217;n\u0131n \u00f6n\u00fcm\u00fczdeki Nisan ay\u0131nda Suriyeliler aras\u0131nda yap\u0131lacak ikinci tur isti\u015fare oturumlar\u0131 i\u00e7in harcad\u0131\u011f\u0131 \u00e7abalar\u0131 masaya yat\u0131rd\u0131.<\/p>\n<p>S\u00f6z konusu \u00e7abalar\u0131n ba\u015far\u0131l\u0131 olmas\u0131 amac\u0131yla Moskova ve \u015eam aras\u0131nda koordinasyon ve g\u00f6r\u00fc\u015f al\u0131\u015fveri\u015finin s\u00fcrd\u00fcr\u00fclmesi \u00f6neminin belirtildi\u011fi g\u00f6r\u00fc\u015fmede el Esad; Rusya&#8217;n\u0131n bu \u00e7abalar\u0131n\u0131n ba\u015far\u0131l\u0131 olmas\u0131 i\u00e7in Suriye&#8217;nin \u00e7al\u0131\u015fmalar\u0131 s\u00fcrd\u00fcrme \u00f6zenini ifade etti.<\/p>\n<p>El Esad bu ba\u011flamda en \u00f6nemli ad\u0131m\u0131n, \u00e7al\u0131\u015fma sisteminin yan\u0131 s\u0131ra diyalog temelleri ve hedefinin sa\u011flanmas\u0131n\u0131 garantileyecek mekanizmalar\u0131 belirleyecek bir g\u00f6r\u00fc\u015fme g\u00fcndemi belirleme oldu\u011funa dikkat \u00e7ekti.<\/p>\n<p>Suriye&#8217;de h\u00fck\u00fcmet ve halk\u0131n Rusya y\u00f6netiminin Suriye&#8217;deki krize siyasi \u00e7\u00f6z\u00fcm bulma \u00e7abalar\u0131na g\u00fcvenlerine i\u015faret eden el Esad; fakat b\u00f6lgesel ve uluslar aras\u0131 kimi devletlerin bu \u00e7abalar\u0131n ba\u015far\u0131s\u0131z olmas\u0131 ve Suriye&#8217;deki krize \u00e7\u00f6z\u00fcm\u00fcn sa\u011flanmas\u0131n\u0131 engelleme amac\u0131yla harcad\u0131klar\u0131 \u00e7abalara da vurgu yapt\u0131. El Esad s\u00f6z konusu devletlerin t\u00fcm d\u00fczeylerde ter\u00f6ristlere muhtelif t\u00fcr desteklerini s\u00fcrd\u00fcrd\u00fcklerine dikkat \u00e7ekti.<\/p>\n<p>G\u00f6r\u00fc\u015fmede Rus temsilci Kolmohammadov Suriye h\u00fck\u00fcmetinin, Suriye&#8217;de siyasi giri\u015fimlere a\u00e7\u0131k olmas\u0131n\u0131n yan\u0131 s\u0131ra bu giri\u015fimlerin ba\u015far\u0131l\u0131 olmas\u0131 i\u00e7in harcad\u0131\u011f\u0131 \u00e7abalar\u0131n takdire \u015fayan oldu\u011funu ifade etti. Suriye h\u00fck\u00fcmetinin muhtelif b\u00f6lgelerde ulusal uzla\u015fma y\u00f6n\u00fcnde harcad\u0131\u011f\u0131 \u00e7abalara ve sa\u011flad\u0131\u011f\u0131 ba\u015far\u0131lara dikkat \u00e7eken Kolmohammadov; t\u00fcm bunlar\u0131n Suriye h\u00fck\u00fcmetinin Suriyeli kanlar\u0131 koruma amac\u0131yla t\u00fcm y\u00f6ntemleri kulland\u0131\u011f\u0131na bir kan\u0131t te\u015fkil etti\u011fini belirtti.<\/p>\n<p>G\u00f6r\u00fc\u015fmede iki taraf herhangi bir siyasi s\u00fcrecin ba\u015far\u0131l\u0131 olmas\u0131 i\u00e7in, ter\u00f6ristleri destekleyen ve Suriye&#8217;de siyasi \u00e7\u00f6z\u00fcm\u00fc reddeden devletlerin bu tutumlar\u0131n\u0131 de\u011fi\u015ftirmelerine ve ter\u00f6ristlere her t\u00fcrl\u00fc desteklerini kesmelerine zorlanmalar\u0131n\u0131 gerektirdi\u011fi \u00fczerinde g\u00f6r\u00fc\u015f birli\u011fi kaydetti.<\/p>\n<p>G\u00f6r\u00fc\u015fmeye Suriye taraf\u0131ndan Ba\u015fbakan Yard\u0131mc\u0131s\u0131 D\u0131\u015fi\u015fleri ve Gurbet\u00e7iler Bakan\u0131 Velid el Muallim, Cumhurba\u015fkanl\u0131\u011f\u0131 Siyasi ve Bas\u0131n Dan\u0131\u015fman\u0131 B\u00fcseyna \u015eaban, D\u0131\u015fi\u015fleri ve Gurbet\u00e7iler Bakan\u0131 Yard\u0131mc\u0131s\u0131 Faysal Mikdat ve Bakan M\u00fcste\u015far\u0131 Ahmet Arnus kat\u0131ld\u0131. Rusya taraf\u0131ndan ise Rusya Federasyonunun \u015eam B\u00fcy\u00fckel\u00e7isi Alexander Kinschacka ve Rus Bilimsel Akademisine tabi\u00a0 Do\u011fu Ara\u015ft\u0131rmalar\u0131 Enstit\u00fcs\u00fc M\u00fcd\u00fcr\u00fc Vitaly Naumkin kat\u0131ld\u0131.<\/p>\n<p>Bu arada Suriye Arap Cumhuriyeti h\u00fck\u00fcmeti heyeti ile muhalefet temsilcileri ve siyasi partileri aras\u0131nda ilk tur isti\u015fare g\u00f6r\u00fc\u015fmeleri ge\u00e7en Ocak ay\u0131n\u0131n 26 \u2013 29 tarihleri aras\u0131nda Moskova&#8217;da yap\u0131lm\u0131\u015ft\u0131. \u0130kinci tur isti\u015fare g\u00f6r\u00fc\u015fmeleri ise \u00f6n\u00fcm\u00fczdeki Nisan ay\u0131n\u0131n ba\u015flar\u0131nda olmas\u0131 bekleniyor.<\/p>\n<p>A.A.<\/p>\n","protected":false},"excerpt":{"rendered":"<p>\u015eAM \u2013 Cumhurba\u015fkan\u0131 Be\u015f\u015far el Esad bug\u00fcn sabah saatlerinde Rus \u00f6zel temsilci Azmatullah Kolmohammadov ve ona e\u015flik eden Rus heyeti kabul ederek, Rusya&#8217;n\u0131n \u00f6n\u00fcm\u00fczdeki Nisan ay\u0131nda Suriyeliler aras\u0131nda yap\u0131lacak ikinci tur isti\u015fare oturumlar\u0131 i\u00e7in harcad\u0131\u011f\u0131 \u00e7abalar\u0131 masaya yat\u0131rd\u0131. S\u00f6z konusu \u00e7abalar\u0131n ba\u015far\u0131l\u0131 olmas\u0131 amac\u0131yla Moskova ve \u015eam aras\u0131nda koordinasyon ve g\u00f6r\u00fc\u015f al\u0131\u015fveri\u015finin s\u00fcrd\u00fcr\u00fclmesi \u00f6neminin belirtildi\u011fi &hellip;<\/p>\n","protected":false},"author":1,"featured_media":27263,"comment_status":"closed","ping_status":"closed","sticky":false,"template":"","format":"standard","meta":{"footnotes":""},"categories":[608,479,605,478],"tags":[12803,12804],"class_list":["post-27262","post","type-post","status-publish","format-standard","has-post-thumbnail","","category-etkinlikler","category-haberler-yerel","category-sayin-cumhurbaskani","category-yerel","tag-istisare-oturumlarinin-ikinci-turuna-hazirliklar-el-esad-ve-rus-heyetin-gundeminde-sam-cumhurbaskani-bessar-el-esad-bugun-sabah-saatlerinde-rus-ozel-temsilci-azmatullah-kolmohammadov-ve-ona","tag-rusyanin-onumuzdeki-nisan-ayinda-suriyeliler-arasinda-yapilacak-ikinci-tur-istisare-oturumlari-icin-harcadigi-cabalari-masaya-yatirdi"],"_links":{"self":[{"href":"https:\/\/archive.sana.sy\/tr\/index.php?rest_route=\/wp\/v2\/posts\/27262","targetHints":{"allow":["GET"]}}],"collection":[{"href":"https:\/\/archive.sana.sy\/tr\/index.php?rest_route=\/wp\/v2\/posts"}],"about":[{"href":"https:\/\/archive.sana.sy\/tr\/index.php?rest_route=\/wp\/v2\/types\/post"}],"author":[{"embeddable":true,"href":"https:\/\/archive.sana.sy\/tr\/index.php?rest_route=\/wp\/v2\/users\/1"}],"replies":[{"embeddable":true,"href":"https:\/\/archive.sana.sy\/tr\/index.php?rest_route=%2Fwp%2Fv2%2Fcomments&post=27262"}],"version-history":[{"count":0,"href":"https:\/\/archive.sana.sy\/tr\/index.php?rest_route=\/wp\/v2\/posts\/27262\/revisions"}],"wp:featuredmedia":[{"embeddable":true,"href":"https:\/\/archive.sana.sy\/tr\/index.php?rest_route=\/wp\/v2\/media\/27263"}],"wp:attachment":[{"href":"https:\/\/archive.sana.sy\/tr\/index.php?rest_route=%2Fwp%2Fv2%2Fmedia&parent=27262"}],"wp:term":[{"taxonomy":"category","embeddable":true,"href":"https:\/\/archive.sana.sy\/tr\/index.php?rest_route=%2Fwp%2Fv2%2Fcategories&post=27262"},{"taxonomy":"post_tag","embeddable":true,"href":"https:\/\/archive.sana.sy\/tr\/index.php?rest_route=%2Fwp%2Fv2%2Ftags&post=27262"}],"curies":[{"name":"wp","href":"https:\/\/api.w.org\/{rel}","templated":true}]}}