{"id":272621,"date":"2023-02-01T16:55:20","date_gmt":"2023-02-01T14:55:20","guid":{"rendered":"https:\/\/sana.sy\/tr\/?p=272621"},"modified":"2023-02-03T08:25:14","modified_gmt":"2023-02-03T06:25:14","slug":"zakharova-kiev-rejimini-ucaklarla-silahlandirmak-gerilimi-tirmandiriyor","status":"publish","type":"post","link":"https:\/\/archive.sana.sy\/tr\/?p=272621","title":{"rendered":"Zakharova: Kiev Rejimini U\u00e7aklarla Silahland\u0131rmak Gerilimi T\u0131rmand\u0131r\u0131yor"},"content":{"rendered":"<p><strong>MOSKOVA<\/strong> &#8211; Rusya D\u0131\u015fi\u015fleri Bakanl\u0131\u011f\u0131 S\u00f6zc\u00fcs\u00fc Maria Zakharova, Fransa Cumhurba\u015fkan\u0131 Emmanuel Macron&#8217;un Kiev rejiminin u\u00e7aklarla silahland\u0131r\u0131lmas\u0131na ili\u015fkin a\u00e7\u0131klamalar\u0131yla alay ederek, b\u00f6yle bir tedbirin Ukrayna Devlet Ba\u015fkan\u0131 Vladimir Zelensky&#8217;nin sava\u015f i\u015ftah\u0131n\u0131 art\u0131rd\u0131\u011f\u0131n\u0131 vurgulad\u0131.<\/p>\n<p>RIA Novosti&#8217;ye g\u00f6re Zakharova, Macron&#8217;un Ukrayna&#8217;ya u\u00e7ak teslim etme olas\u0131l\u0131\u011f\u0131n\u0131n d\u0131\u015flanmad\u0131\u011f\u0131na ili\u015fkin a\u00e7\u0131klamalar\u0131 ve Savunma Bakan\u0131 Sebastien Licorne&#8217;nin Ukrayna&#8217;ya olas\u0131 sava\u015f u\u00e7a\u011f\u0131 sevkiyat\u0131 konusunda Paris i\u00e7in herhangi bir yasak bulunmad\u0131\u011f\u0131 y\u00f6n\u00fcndeki a\u00e7\u0131klamalar\u0131n\u0131 de\u011ferlendirerek, \u2018\u2019bu biraz sa\u00e7ma, Fransa cumhurba\u015fkan\u0131 ger\u00e7ekten a\u011f\u0131r silahlar sa\u011flan\u0131rsa bunun durumun t\u0131rmanmas\u0131na yol a\u00e7mayaca\u011f\u0131ndan emin mi? Bu t\u00fcr a\u00e7\u0131klamalar sadece Zelenskiy rejiminin bast\u0131r\u0131lamaz i\u015ftah\u0131n\u0131 art\u0131rmaya hizmet ediyor\u2019\u2019 ifadelerini kulland\u0131.<\/p>\n<p>Zakharova alay ederek, \u2018\u2019Kiev taraf\u0131ndan hastaneleri bombalamak ve sivilleri \u00f6ld\u00fcrmek i\u00e7in Bat\u0131 silahlar\u0131n\u0131n kullan\u0131ld\u0131\u011f\u0131n\u0131 vurgulayarak, bu u\u00e7aklar \u015feker ve bisk\u00fcvi da\u011f\u0131tacak m\u0131?\u2019\u2019 dedi.<\/p>\n<p>&nbsp;<\/p>\n<p>R.M.<\/p>\n<p><a href=\"https:\/\/t.me\/SuriyeArapHaberAjansI\">Telegram Kanal\u0131m\u0131z\u00a0<\/a><\/p>\n<p><a href=\"https:\/\/www.facebook.com\/SANAHaberAjansi\/\">Facebook Sayfam\u0131z<\/a><\/p>\n","protected":false},"excerpt":{"rendered":"<p>MOSKOVA &#8211; Rusya D\u0131\u015fi\u015fleri Bakanl\u0131\u011f\u0131 S\u00f6zc\u00fcs\u00fc Maria Zakharova, Fransa Cumhurba\u015fkan\u0131 Emmanuel Macron&#8217;un Kiev rejiminin u\u00e7aklarla silahland\u0131r\u0131lmas\u0131na ili\u015fkin a\u00e7\u0131klamalar\u0131yla alay ederek, b\u00f6yle bir tedbirin Ukrayna Devlet Ba\u015fkan\u0131 Vladimir Zelensky&#8217;nin sava\u015f i\u015ftah\u0131n\u0131 art\u0131rd\u0131\u011f\u0131n\u0131 vurgulad\u0131. RIA Novosti&#8217;ye g\u00f6re Zakharova, Macron&#8217;un Ukrayna&#8217;ya u\u00e7ak teslim etme olas\u0131l\u0131\u011f\u0131n\u0131n d\u0131\u015flanmad\u0131\u011f\u0131na ili\u015fkin a\u00e7\u0131klamalar\u0131 ve Savunma Bakan\u0131 Sebastien Licorne&#8217;nin Ukrayna&#8217;ya olas\u0131 sava\u015f u\u00e7a\u011f\u0131 sevkiyat\u0131 &hellip;<\/p>\n","protected":false},"author":41,"featured_media":272622,"comment_status":"closed","ping_status":"closed","sticky":false,"template":"","format":"standard","meta":{"footnotes":""},"categories":[458,459,17988],"tags":[],"class_list":["post-272621","post","type-post","status-publish","format-standard","has-post-thumbnail","","category-dunya1","category-haberler-arap-uluslararasi-politika","category-son-haberler"],"_links":{"self":[{"href":"https:\/\/archive.sana.sy\/tr\/index.php?rest_route=\/wp\/v2\/posts\/272621","targetHints":{"allow":["GET"]}}],"collection":[{"href":"https:\/\/archive.sana.sy\/tr\/index.php?rest_route=\/wp\/v2\/posts"}],"about":[{"href":"https:\/\/archive.sana.sy\/tr\/index.php?rest_route=\/wp\/v2\/types\/post"}],"author":[{"embeddable":true,"href":"https:\/\/archive.sana.sy\/tr\/index.php?rest_route=\/wp\/v2\/users\/41"}],"replies":[{"embeddable":true,"href":"https:\/\/archive.sana.sy\/tr\/index.php?rest_route=%2Fwp%2Fv2%2Fcomments&post=272621"}],"version-history":[{"count":0,"href":"https:\/\/archive.sana.sy\/tr\/index.php?rest_route=\/wp\/v2\/posts\/272621\/revisions"}],"wp:featuredmedia":[{"embeddable":true,"href":"https:\/\/archive.sana.sy\/tr\/index.php?rest_route=\/wp\/v2\/media\/272622"}],"wp:attachment":[{"href":"https:\/\/archive.sana.sy\/tr\/index.php?rest_route=%2Fwp%2Fv2%2Fmedia&parent=272621"}],"wp:term":[{"taxonomy":"category","embeddable":true,"href":"https:\/\/archive.sana.sy\/tr\/index.php?rest_route=%2Fwp%2Fv2%2Fcategories&post=272621"},{"taxonomy":"post_tag","embeddable":true,"href":"https:\/\/archive.sana.sy\/tr\/index.php?rest_route=%2Fwp%2Fv2%2Ftags&post=272621"}],"curies":[{"name":"wp","href":"https:\/\/api.w.org\/{rel}","templated":true}]}}