{"id":272624,"date":"2023-02-01T17:05:39","date_gmt":"2023-02-01T15:05:39","guid":{"rendered":"https:\/\/sana.sy\/tr\/?p=272624"},"modified":"2023-02-03T08:25:18","modified_gmt":"2023-02-03T06:25:18","slug":"dera-kirsalinda-iki-patlayici-bobmayla-duzenlenen-teror-saldirisinda-ic-guvenlik-guclerine-bagli-6-kisi-yaralandi","status":"publish","type":"post","link":"https:\/\/archive.sana.sy\/tr\/?p=272624","title":{"rendered":"Dera K\u0131rsal\u0131nda \u0130ki Patlay\u0131c\u0131 Bobmayla D\u00fczenlenen Ter\u00f6r Sald\u0131r\u0131s\u0131nda \u0130\u00e7 G\u00fcvenlik G\u00fc\u00e7lerine Ba\u011fl\u0131 6 Ki\u015fi Yaraland\u0131"},"content":{"rendered":"<p><strong>DERA<\/strong> &#8211; Dera k\u0131rsal\u0131n\u0131n Muzayrib al-Yadudah yolu \u00fczerinde devriye gezenleri hedef alan iki patlay\u0131c\u0131l\u0131 ter\u00f6r sald\u0131r\u0131s\u0131 sonucunda \u0130\u00e7 G\u00fcvenlik G\u00fc\u00e7lerine ba\u011fl\u0131 6 ki\u015fi yaraland\u0131.<\/p>\n<p>\u0130\u00e7i\u015fleri Bakanl\u0131\u011f\u0131&#8217;ndan yap\u0131lan a\u00e7\u0131klamada, \u2018\u2019\u0130\u00e7 G\u00fcvenlik G\u00fc\u00e7leri unsurlar\u0131n\u0131n Dera Valili\u011fi&#8217;nde asayi\u015fi sa\u011flama g\u00f6revlerini yerine getirmeleri s\u0131ras\u0131nda kimli\u011fi belirsiz ter\u00f6ristler, Dera k\u0131rsal\u0131ndaki Muzayrib &#8211; El Yadudah yolunda devriye gezen bir polisi iki patlay\u0131c\u0131 boba ile hedef ald\u0131\u2019\u2019 dedi.<\/p>\n<p>Bakanl\u0131k a\u00e7\u0131klamas\u0131nda ay\u0131r\u0131ca, \u2018\u2019Ter\u00f6r sald\u0131r\u0131s\u0131, ikisi a\u011f\u0131r olmak \u00fczere alt\u0131 ki\u015finin \u00e7e\u015fitli derecelerde yaralanmas\u0131yla sonu\u00e7lan\u0131rken, Deraa vilayetindeki \u00e7e\u015fitli polis birimlerinden devriyeler hemen olay yerine geldi ve \u00e7ok say\u0131da hastanede tedavi alt\u0131na al\u0131nd\u0131\u2019\u2019 ifadelerini kulland\u0131.<\/p>\n<p>Bakanl\u0131ktan yap\u0131lan a\u00e7\u0131klamada, ter\u00f6ristlerin kimlik tespiti ve haklar\u0131nda yasal i\u015flem yap\u0131lmas\u0131na y\u00f6nelik soru\u015fturmalar\u0131n s\u00fcrd\u00fc\u011f\u00fc de belirtildi.<\/p>\n<p>&nbsp;<\/p>\n<p>R.M.<\/p>\n<p><a href=\"https:\/\/t.me\/SuriyeArapHaberAjansI\">Telegram Kanal\u0131m\u0131z\u00a0<\/a><\/p>\n<p><a href=\"https:\/\/www.facebook.com\/SANAHaberAjansi\/\">Facebook Sayfam\u0131z<\/a><\/p>\n","protected":false},"excerpt":{"rendered":"<p>DERA &#8211; Dera k\u0131rsal\u0131n\u0131n Muzayrib al-Yadudah yolu \u00fczerinde devriye gezenleri hedef alan iki patlay\u0131c\u0131l\u0131 ter\u00f6r sald\u0131r\u0131s\u0131 sonucunda \u0130\u00e7 G\u00fcvenlik G\u00fc\u00e7lerine ba\u011fl\u0131 6 ki\u015fi yaraland\u0131. \u0130\u00e7i\u015fleri Bakanl\u0131\u011f\u0131&#8217;ndan yap\u0131lan a\u00e7\u0131klamada, \u2018\u2019\u0130\u00e7 G\u00fcvenlik G\u00fc\u00e7leri unsurlar\u0131n\u0131n Dera Valili\u011fi&#8217;nde asayi\u015fi sa\u011flama g\u00f6revlerini yerine getirmeleri s\u0131ras\u0131nda kimli\u011fi belirsiz ter\u00f6ristler, Dera k\u0131rsal\u0131ndaki Muzayrib &#8211; El Yadudah yolunda devriye gezen bir polisi iki &hellip;<\/p>\n","protected":false},"author":41,"featured_media":272625,"comment_status":"closed","ping_status":"closed","sticky":false,"template":"","format":"standard","meta":{"footnotes":""},"categories":[479,17988,478],"tags":[],"class_list":["post-272624","post","type-post","status-publish","format-standard","has-post-thumbnail","","category-haberler-yerel","category-son-haberler","category-yerel"],"_links":{"self":[{"href":"https:\/\/archive.sana.sy\/tr\/index.php?rest_route=\/wp\/v2\/posts\/272624","targetHints":{"allow":["GET"]}}],"collection":[{"href":"https:\/\/archive.sana.sy\/tr\/index.php?rest_route=\/wp\/v2\/posts"}],"about":[{"href":"https:\/\/archive.sana.sy\/tr\/index.php?rest_route=\/wp\/v2\/types\/post"}],"author":[{"embeddable":true,"href":"https:\/\/archive.sana.sy\/tr\/index.php?rest_route=\/wp\/v2\/users\/41"}],"replies":[{"embeddable":true,"href":"https:\/\/archive.sana.sy\/tr\/index.php?rest_route=%2Fwp%2Fv2%2Fcomments&post=272624"}],"version-history":[{"count":0,"href":"https:\/\/archive.sana.sy\/tr\/index.php?rest_route=\/wp\/v2\/posts\/272624\/revisions"}],"wp:featuredmedia":[{"embeddable":true,"href":"https:\/\/archive.sana.sy\/tr\/index.php?rest_route=\/wp\/v2\/media\/272625"}],"wp:attachment":[{"href":"https:\/\/archive.sana.sy\/tr\/index.php?rest_route=%2Fwp%2Fv2%2Fmedia&parent=272624"}],"wp:term":[{"taxonomy":"category","embeddable":true,"href":"https:\/\/archive.sana.sy\/tr\/index.php?rest_route=%2Fwp%2Fv2%2Fcategories&post=272624"},{"taxonomy":"post_tag","embeddable":true,"href":"https:\/\/archive.sana.sy\/tr\/index.php?rest_route=%2Fwp%2Fv2%2Ftags&post=272624"}],"curies":[{"name":"wp","href":"https:\/\/api.w.org\/{rel}","templated":true}]}}