{"id":272630,"date":"2023-02-01T23:52:51","date_gmt":"2023-02-01T21:52:51","guid":{"rendered":"https:\/\/sana.sy\/tr\/?p=272630"},"modified":"2023-02-03T08:25:21","modified_gmt":"2023-02-03T06:25:21","slug":"sabbag-suriyeye-yonelik-teror-savasi-suriyenin-konumunu-baltalamayi-amacliyor","status":"publish","type":"post","link":"https:\/\/archive.sana.sy\/tr\/?p=272630","title":{"rendered":"Sabba\u011f: Suriye&#8217;ye Y\u00f6nelik Ter\u00f6r Sava\u015f\u0131 Suriye&#8217;nin Konumunu Baltalamay\u0131 Ama\u00e7l\u0131yor"},"content":{"rendered":"<p>\u015eAM \u2013 Halk Meclisi Ba\u015fkan\u0131 Hammuda SAbba\u011f, Suriye&#8217;ye y\u00f6nelik ter\u00f6r sava\u015f\u0131n\u0131n, Filistinli Arap halk\u0131n\u0131n m\u00fccadelesini ve topraklar\u0131n\u0131 geri kazanma ve ba\u015fkenti Kud\u00fcs olan ba\u011f\u0131ms\u0131z devletlerini kurma konusundaki me\u015fru haklar\u0131n\u0131 destekleyen kararl\u0131 duru\u015flar\u0131n\u0131 baltalamay\u0131 ama\u00e7lad\u0131\u011f\u0131n\u0131 belirtti.<\/p>\n<p><img loading=\"lazy\" decoding=\"async\" class=\"size-medium wp-image-272631 alignright\" src=\"http:\/\/sana.sy\/tr\/wp-content\/uploads\/2023\/02\/0-300x200.jpg\" alt=\"\" width=\"300\" height=\"200\" srcset=\"https:\/\/archive.sana.sy\/tr\/wp-content\/uploads\/2023\/02\/0-300x200.jpg 300w, https:\/\/archive.sana.sy\/tr\/wp-content\/uploads\/2023\/02\/0-150x100.jpg 150w, https:\/\/archive.sana.sy\/tr\/wp-content\/uploads\/2023\/02\/0.jpg 660w\" sizes=\"auto, (max-width: 300px) 100vw, 300px\" \/>Filistin Halk Kurtulu\u015f Cephesi Genel Sekreter Yard\u0131mc\u0131s\u0131 Camil Mezher ve beraberindeki heyet ile yapt\u0131\u011f\u0131 g\u00f6r\u00fc\u015fmede Sabba\u011f,: \u201cSuriye topraklar\u0131ndaki tek kutupluluk politikas\u0131, halk\u0131n\u0131n sebat\u0131 ve yi\u011fit ordusunun fedakarl\u0131klar\u0131 sayesinde Suriye topraklar\u0131nda sona erdi\u201d diyerek, ter\u00f6re kar\u015f\u0131 nihai zafere ve t\u00fcm Suriye topraklar\u0131n\u0131n \u00f6zg\u00fcrle\u015ftirilmesine kadar m\u00fccadelenin devam edece\u011fini vurgulad\u0131.<\/p>\n<p>Mezher, Suriye&#8217;nin a\u011f\u0131rl\u0131\u011f\u0131 ve b\u00fcy\u00fck de\u011feriyle Arap\u00e7\u0131l\u0131\u011f\u0131n atan kalbi oldu\u011funu ve maruz kald\u0131\u011f\u0131 t\u00fcm komplolara ra\u011fmen Filistin davas\u0131n\u0131n ve Filistin hakk\u0131n\u0131n ilk destek\u00e7isi oldu\u011funu ve olmaya devam etti\u011fini ifade etti.<\/p>\n<p><a href=\"https:\/\/t.me\/SuriyeArapHaberAjansI\">Telegram Kanal\u0131m\u0131z\u00a0<\/a><\/p>\n<p><a href=\"https:\/\/www.facebook.com\/SANAHaberAjansi\/\">Facebook Sayfam\u0131z<\/a><\/p>\n","protected":false},"excerpt":{"rendered":"<p>\u015eAM \u2013 Halk Meclisi Ba\u015fkan\u0131 Hammuda SAbba\u011f, Suriye&#8217;ye y\u00f6nelik ter\u00f6r sava\u015f\u0131n\u0131n, Filistinli Arap halk\u0131n\u0131n m\u00fccadelesini ve topraklar\u0131n\u0131 geri kazanma ve ba\u015fkenti Kud\u00fcs olan ba\u011f\u0131ms\u0131z devletlerini kurma konusundaki me\u015fru haklar\u0131n\u0131 destekleyen kararl\u0131 duru\u015flar\u0131n\u0131 baltalamay\u0131 ama\u00e7lad\u0131\u011f\u0131n\u0131 belirtti. Filistin Halk Kurtulu\u015f Cephesi Genel Sekreter Yard\u0131mc\u0131s\u0131 Camil Mezher ve beraberindeki heyet ile yapt\u0131\u011f\u0131 g\u00f6r\u00fc\u015fmede Sabba\u011f,: \u201cSuriye topraklar\u0131ndaki tek kutupluluk &hellip;<\/p>\n","protected":false},"author":36,"featured_media":272632,"comment_status":"closed","ping_status":"closed","sticky":false,"template":"","format":"standard","meta":{"footnotes":""},"categories":[479,17988,478],"tags":[],"class_list":["post-272630","post","type-post","status-publish","format-standard","has-post-thumbnail","","category-haberler-yerel","category-son-haberler","category-yerel"],"_links":{"self":[{"href":"https:\/\/archive.sana.sy\/tr\/index.php?rest_route=\/wp\/v2\/posts\/272630","targetHints":{"allow":["GET"]}}],"collection":[{"href":"https:\/\/archive.sana.sy\/tr\/index.php?rest_route=\/wp\/v2\/posts"}],"about":[{"href":"https:\/\/archive.sana.sy\/tr\/index.php?rest_route=\/wp\/v2\/types\/post"}],"author":[{"embeddable":true,"href":"https:\/\/archive.sana.sy\/tr\/index.php?rest_route=\/wp\/v2\/users\/36"}],"replies":[{"embeddable":true,"href":"https:\/\/archive.sana.sy\/tr\/index.php?rest_route=%2Fwp%2Fv2%2Fcomments&post=272630"}],"version-history":[{"count":0,"href":"https:\/\/archive.sana.sy\/tr\/index.php?rest_route=\/wp\/v2\/posts\/272630\/revisions"}],"wp:featuredmedia":[{"embeddable":true,"href":"https:\/\/archive.sana.sy\/tr\/index.php?rest_route=\/wp\/v2\/media\/272632"}],"wp:attachment":[{"href":"https:\/\/archive.sana.sy\/tr\/index.php?rest_route=%2Fwp%2Fv2%2Fmedia&parent=272630"}],"wp:term":[{"taxonomy":"category","embeddable":true,"href":"https:\/\/archive.sana.sy\/tr\/index.php?rest_route=%2Fwp%2Fv2%2Fcategories&post=272630"},{"taxonomy":"post_tag","embeddable":true,"href":"https:\/\/archive.sana.sy\/tr\/index.php?rest_route=%2Fwp%2Fv2%2Ftags&post=272630"}],"curies":[{"name":"wp","href":"https:\/\/api.w.org\/{rel}","templated":true}]}}