{"id":272634,"date":"2023-02-01T23:59:04","date_gmt":"2023-02-01T21:59:04","guid":{"rendered":"https:\/\/sana.sy\/tr\/?p=272634"},"modified":"2023-02-03T08:25:25","modified_gmt":"2023-02-03T06:25:25","slug":"suriye-ve-paraguay-arasindaki-parlamento-isbirligini-gelistirmenin-yollarini-gorustu","status":"publish","type":"post","link":"https:\/\/archive.sana.sy\/tr\/?p=272634","title":{"rendered":"Suriye ve Paraguay Aras\u0131ndaki Parlamento \u0130\u015fbirli\u011fini Geli\u015ftirmenin Yollar\u0131n\u0131 G\u00f6r\u00fc\u015ft\u00fc"},"content":{"rendered":"<p>\u015eAM \u2013 Halk Meclisi&#8217;ndeki Paraguay-Suriye Dostluk Komitesi, Paraguay Cumhuriyeti&#8217;nin \u015eam Fahri Konsolosu Muhammed Kattan ile iki dost \u00fclke aras\u0131ndaki parlamenter i\u015fbirli\u011fini halklar\u0131n\u0131n ortak \u00e7\u0131karlar\u0131na hizmet edecek \u015fekilde geli\u015ftirmenin yollar\u0131n\u0131 g\u00f6r\u00fc\u015ft\u00fc.<\/p>\n<p>Komite Ba\u015fkan\u0131 ve \u00dcyeleri, iki \u00fclke temsilcileri aras\u0131ndaki ortak toplant\u0131lar\u0131 her d\u00fczeyde kar\u015f\u0131l\u0131kl\u0131 yarar ve deneyim al\u0131\u015fveri\u015fi sa\u011flayacak \u015fekilde yo\u011funla\u015ft\u0131rarak parlamento ili\u015fkilerini g\u00fc\u00e7lendirmek ve geli\u015ftirmek i\u00e7in \u00e7al\u0131\u015fman\u0131n \u00f6nemini vurgulad\u0131lar.<\/p>\n<p>Kattan ise, iki \u00fclke aras\u0131ndaki parlamenter ili\u015fkilerin desteklenmesi, dostluk heyetleri arac\u0131l\u0131\u011f\u0131yla takip edilmesi ve Suriye&#8217;nin ger\u00e7ek y\u00fcz\u00fcn\u00fc Latin Amerika halklar\u0131na ula\u015ft\u0131rmak i\u00e7in b\u00fcy\u00fck \u00e7aba sarf edilmesinin \u00f6nemine i\u015faret etti.<\/p>\n<p><a href=\"https:\/\/t.me\/SuriyeArapHaberAjansI\">Telegram Kanal\u0131m\u0131z\u00a0<\/a><\/p>\n<p><a href=\"https:\/\/www.facebook.com\/SANAHaberAjansi\/\">Facebook Sayfam\u0131z<\/a><\/p>\n<div id='gallery-1' class='gallery galleryid-272634 gallery-columns-2 gallery-size-full'><figure class='gallery-item'>\n\t\t\t<div class='gallery-icon landscape'>\n\t\t\t\t<a href='https:\/\/archive.sana.sy\/tr\/wp-content\/uploads\/2023\/02\/3.jpg'><img loading=\"lazy\" decoding=\"async\" width=\"660\" height=\"422\" src=\"https:\/\/archive.sana.sy\/tr\/wp-content\/uploads\/2023\/02\/3.jpg\" class=\"attachment-full size-full\" alt=\"\" srcset=\"https:\/\/archive.sana.sy\/tr\/wp-content\/uploads\/2023\/02\/3.jpg 660w, https:\/\/archive.sana.sy\/tr\/wp-content\/uploads\/2023\/02\/3-300x192.jpg 300w, https:\/\/archive.sana.sy\/tr\/wp-content\/uploads\/2023\/02\/3-150x96.jpg 150w\" sizes=\"auto, (max-width: 660px) 100vw, 660px\" \/><\/a>\n\t\t\t<\/div><\/figure><figure class='gallery-item'>\n\t\t\t<div class='gallery-icon landscape'>\n\t\t\t\t<a href='https:\/\/archive.sana.sy\/tr\/wp-content\/uploads\/2023\/02\/2.jpg'><img loading=\"lazy\" decoding=\"async\" width=\"660\" height=\"421\" src=\"https:\/\/archive.sana.sy\/tr\/wp-content\/uploads\/2023\/02\/2.jpg\" class=\"attachment-full size-full\" alt=\"\" srcset=\"https:\/\/archive.sana.sy\/tr\/wp-content\/uploads\/2023\/02\/2.jpg 660w, https:\/\/archive.sana.sy\/tr\/wp-content\/uploads\/2023\/02\/2-300x191.jpg 300w, https:\/\/archive.sana.sy\/tr\/wp-content\/uploads\/2023\/02\/2-150x96.jpg 150w\" sizes=\"auto, (max-width: 660px) 100vw, 660px\" \/><\/a>\n\t\t\t<\/div><\/figure>\n\t\t<\/div>\n\n<p>&nbsp;<\/p>\n","protected":false},"excerpt":{"rendered":"<p>\u015eAM \u2013 Halk Meclisi&#8217;ndeki Paraguay-Suriye Dostluk Komitesi, Paraguay Cumhuriyeti&#8217;nin \u015eam Fahri Konsolosu Muhammed Kattan ile iki dost \u00fclke aras\u0131ndaki parlamenter i\u015fbirli\u011fini halklar\u0131n\u0131n ortak \u00e7\u0131karlar\u0131na hizmet edecek \u015fekilde geli\u015ftirmenin yollar\u0131n\u0131 g\u00f6r\u00fc\u015ft\u00fc. Komite Ba\u015fkan\u0131 ve \u00dcyeleri, iki \u00fclke temsilcileri aras\u0131ndaki ortak toplant\u0131lar\u0131 her d\u00fczeyde kar\u015f\u0131l\u0131kl\u0131 yarar ve deneyim al\u0131\u015fveri\u015fi sa\u011flayacak \u015fekilde yo\u011funla\u015ft\u0131rarak parlamento ili\u015fkilerini g\u00fc\u00e7lendirmek ve geli\u015ftirmek &hellip;<\/p>\n","protected":false},"author":36,"featured_media":272637,"comment_status":"closed","ping_status":"closed","sticky":false,"template":"","format":"standard","meta":{"footnotes":""},"categories":[596,479,17988,478],"tags":[],"class_list":["post-272634","post","type-post","status-publish","format-standard","has-post-thumbnail","","category-fotografli-raporlar","category-haberler-yerel","category-son-haberler","category-yerel"],"_links":{"self":[{"href":"https:\/\/archive.sana.sy\/tr\/index.php?rest_route=\/wp\/v2\/posts\/272634","targetHints":{"allow":["GET"]}}],"collection":[{"href":"https:\/\/archive.sana.sy\/tr\/index.php?rest_route=\/wp\/v2\/posts"}],"about":[{"href":"https:\/\/archive.sana.sy\/tr\/index.php?rest_route=\/wp\/v2\/types\/post"}],"author":[{"embeddable":true,"href":"https:\/\/archive.sana.sy\/tr\/index.php?rest_route=\/wp\/v2\/users\/36"}],"replies":[{"embeddable":true,"href":"https:\/\/archive.sana.sy\/tr\/index.php?rest_route=%2Fwp%2Fv2%2Fcomments&post=272634"}],"version-history":[{"count":0,"href":"https:\/\/archive.sana.sy\/tr\/index.php?rest_route=\/wp\/v2\/posts\/272634\/revisions"}],"wp:featuredmedia":[{"embeddable":true,"href":"https:\/\/archive.sana.sy\/tr\/index.php?rest_route=\/wp\/v2\/media\/272637"}],"wp:attachment":[{"href":"https:\/\/archive.sana.sy\/tr\/index.php?rest_route=%2Fwp%2Fv2%2Fmedia&parent=272634"}],"wp:term":[{"taxonomy":"category","embeddable":true,"href":"https:\/\/archive.sana.sy\/tr\/index.php?rest_route=%2Fwp%2Fv2%2Fcategories&post=272634"},{"taxonomy":"post_tag","embeddable":true,"href":"https:\/\/archive.sana.sy\/tr\/index.php?rest_route=%2Fwp%2Fv2%2Ftags&post=272634"}],"curies":[{"name":"wp","href":"https:\/\/api.w.org\/{rel}","templated":true}]}}