{"id":272646,"date":"2023-02-02T08:43:13","date_gmt":"2023-02-02T06:43:13","guid":{"rendered":"https:\/\/sana.sy\/tr\/?p=272646"},"modified":"2023-02-03T08:25:29","modified_gmt":"2023-02-03T06:25:29","slug":"israil-isgal-gucleri-bati-yakada-37-filistinliyi-tutukladi","status":"publish","type":"post","link":"https:\/\/archive.sana.sy\/tr\/?p=272646","title":{"rendered":"\u0130srail i\u015fgal g\u00fc\u00e7leri, Bat\u0131 Yaka\u2019da 37 Filistinliyi Tutuklad\u0131"},"content":{"rendered":"<p>\u0130\u015eGAL ED\u0130LEN KUD\u00dcS \u2013 \u0130srail i\u015fgal g\u00fc\u00e7leri, Bat\u0131 Yaka\u2019da 37 Filistinliyi tutuklad\u0131.<\/p>\n<p>Filistin Medyas\u0131, \u0130srail i\u015fgal g\u00fc\u00e7lerinin El Mu\u011fayir beldesine bask\u0131n d\u00fczenledi\u011fini ve \u00e7o\u011fu \u00e7ocuk 15 Filistinliyi tutuklad\u0131\u011f\u0131n\u0131 belirtti.<\/p>\n<p>\u0130srail i\u015fgal g\u00fc\u00e7leri, El Halil\u2019deki El Fauar ve Beyt Lahm\u2019deki Ayda m\u00fclteci kamplar\u0131na, Cenin&#8217;deki Barkin ve Kabatiya, Ramallah\u2019taki Silvad&#8217;a, Beyt Lahm\u2019daki Um Salamuna ve Merah Barah beldelerine bask\u0131n d\u00fczenledi ve 22 Filistinliyi tutuklad\u0131.<\/p>\n<p><a href=\"https:\/\/t.me\/SuriyeArapHaberAjansI\">Telegram Kanal\u0131m\u0131z\u00a0<\/a><\/p>\n<p><a href=\"https:\/\/www.facebook.com\/SANAHaberAjansi\/\">Facebook Sayfam\u0131z<\/a><\/p>\n","protected":false},"excerpt":{"rendered":"<p>\u0130\u015eGAL ED\u0130LEN KUD\u00dcS \u2013 \u0130srail i\u015fgal g\u00fc\u00e7leri, Bat\u0131 Yaka\u2019da 37 Filistinliyi tutuklad\u0131. Filistin Medyas\u0131, \u0130srail i\u015fgal g\u00fc\u00e7lerinin El Mu\u011fayir beldesine bask\u0131n d\u00fczenledi\u011fini ve \u00e7o\u011fu \u00e7ocuk 15 Filistinliyi tutuklad\u0131\u011f\u0131n\u0131 belirtti. \u0130srail i\u015fgal g\u00fc\u00e7leri, El Halil\u2019deki El Fauar ve Beyt Lahm\u2019deki Ayda m\u00fclteci kamplar\u0131na, Cenin&#8217;deki Barkin ve Kabatiya, Ramallah\u2019taki Silvad&#8217;a, Beyt Lahm\u2019daki Um Salamuna ve Merah Barah &hellip;<\/p>\n","protected":false},"author":36,"featured_media":272647,"comment_status":"closed","ping_status":"closed","sticky":false,"template":"","format":"standard","meta":{"footnotes":""},"categories":[458,459,17988],"tags":[],"class_list":["post-272646","post","type-post","status-publish","format-standard","has-post-thumbnail","","category-dunya1","category-haberler-arap-uluslararasi-politika","category-son-haberler"],"_links":{"self":[{"href":"https:\/\/archive.sana.sy\/tr\/index.php?rest_route=\/wp\/v2\/posts\/272646","targetHints":{"allow":["GET"]}}],"collection":[{"href":"https:\/\/archive.sana.sy\/tr\/index.php?rest_route=\/wp\/v2\/posts"}],"about":[{"href":"https:\/\/archive.sana.sy\/tr\/index.php?rest_route=\/wp\/v2\/types\/post"}],"author":[{"embeddable":true,"href":"https:\/\/archive.sana.sy\/tr\/index.php?rest_route=\/wp\/v2\/users\/36"}],"replies":[{"embeddable":true,"href":"https:\/\/archive.sana.sy\/tr\/index.php?rest_route=%2Fwp%2Fv2%2Fcomments&post=272646"}],"version-history":[{"count":0,"href":"https:\/\/archive.sana.sy\/tr\/index.php?rest_route=\/wp\/v2\/posts\/272646\/revisions"}],"wp:featuredmedia":[{"embeddable":true,"href":"https:\/\/archive.sana.sy\/tr\/index.php?rest_route=\/wp\/v2\/media\/272647"}],"wp:attachment":[{"href":"https:\/\/archive.sana.sy\/tr\/index.php?rest_route=%2Fwp%2Fv2%2Fmedia&parent=272646"}],"wp:term":[{"taxonomy":"category","embeddable":true,"href":"https:\/\/archive.sana.sy\/tr\/index.php?rest_route=%2Fwp%2Fv2%2Fcategories&post=272646"},{"taxonomy":"post_tag","embeddable":true,"href":"https:\/\/archive.sana.sy\/tr\/index.php?rest_route=%2Fwp%2Fv2%2Ftags&post=272646"}],"curies":[{"name":"wp","href":"https:\/\/api.w.org\/{rel}","templated":true}]}}