{"id":27268,"date":"2015-03-22T21:15:21","date_gmt":"2015-03-22T19:15:21","guid":{"rendered":"http:\/\/www.sana.sy\/tr\/?p=27268"},"modified":"2015-03-22T17:34:35","modified_gmt":"2015-03-22T15:34:35","slug":"idlib-kirsalinda-askeri-helikopter-dustu","status":"publish","type":"post","link":"https:\/\/archive.sana.sy\/tr\/?p=27268","title":{"rendered":"\u0130dlib K\u0131rsal\u0131nda Askeri Helikopter D\u00fc\u015ft\u00fc"},"content":{"rendered":"<p>\u0130DL\u0130B \u2013 Askeri bir kaynak askeri bir helikopterin \u0130dlib k\u0131rsal\u0131 Deyr S\u00fcnb\u00fcl B\u00f6lgesinde teknik bir ar\u0131za nedeniyle zorunlu ini\u015f yapmaya \u00e7al\u0131\u015ft\u0131\u011f\u0131 s\u0131rada infilak etti\u011fini a\u00e7\u0131klad\u0131.<\/p>\n<p>Kaynak helikopter ekibini bulma operasyonunun devam etti\u011fini s\u00f6yledi.<\/p>\n<p>A.A.<\/p>\n","protected":false},"excerpt":{"rendered":"<p>\u0130DL\u0130B \u2013 Askeri bir kaynak askeri bir helikopterin \u0130dlib k\u0131rsal\u0131 Deyr S\u00fcnb\u00fcl B\u00f6lgesinde teknik bir ar\u0131za nedeniyle zorunlu ini\u015f yapmaya \u00e7al\u0131\u015ft\u0131\u011f\u0131 s\u0131rada infilak etti\u011fini a\u00e7\u0131klad\u0131. Kaynak helikopter ekibini bulma operasyonunun devam etti\u011fini s\u00f6yledi. A.A.<\/p>\n","protected":false},"author":1,"featured_media":27270,"comment_status":"closed","ping_status":"closed","sticky":false,"template":"","format":"standard","meta":{"footnotes":""},"categories":[479,575,478],"tags":[12806],"class_list":["post-27268","post","type-post","status-publish","format-standard","has-post-thumbnail","","category-haberler-yerel","category-olaylar-ve-gercekler","category-yerel","tag-idlib-kirsalinda-askeri-helikopter-dustu"],"_links":{"self":[{"href":"https:\/\/archive.sana.sy\/tr\/index.php?rest_route=\/wp\/v2\/posts\/27268","targetHints":{"allow":["GET"]}}],"collection":[{"href":"https:\/\/archive.sana.sy\/tr\/index.php?rest_route=\/wp\/v2\/posts"}],"about":[{"href":"https:\/\/archive.sana.sy\/tr\/index.php?rest_route=\/wp\/v2\/types\/post"}],"author":[{"embeddable":true,"href":"https:\/\/archive.sana.sy\/tr\/index.php?rest_route=\/wp\/v2\/users\/1"}],"replies":[{"embeddable":true,"href":"https:\/\/archive.sana.sy\/tr\/index.php?rest_route=%2Fwp%2Fv2%2Fcomments&post=27268"}],"version-history":[{"count":0,"href":"https:\/\/archive.sana.sy\/tr\/index.php?rest_route=\/wp\/v2\/posts\/27268\/revisions"}],"wp:featuredmedia":[{"embeddable":true,"href":"https:\/\/archive.sana.sy\/tr\/index.php?rest_route=\/wp\/v2\/media\/27270"}],"wp:attachment":[{"href":"https:\/\/archive.sana.sy\/tr\/index.php?rest_route=%2Fwp%2Fv2%2Fmedia&parent=27268"}],"wp:term":[{"taxonomy":"category","embeddable":true,"href":"https:\/\/archive.sana.sy\/tr\/index.php?rest_route=%2Fwp%2Fv2%2Fcategories&post=27268"},{"taxonomy":"post_tag","embeddable":true,"href":"https:\/\/archive.sana.sy\/tr\/index.php?rest_route=%2Fwp%2Fv2%2Ftags&post=27268"}],"curies":[{"name":"wp","href":"https:\/\/api.w.org\/{rel}","templated":true}]}}