{"id":27274,"date":"2015-03-23T08:37:24","date_gmt":"2015-03-23T06:37:24","guid":{"rendered":"http:\/\/www.sana.sy\/tr\/?p=27274"},"modified":"2015-03-23T08:37:24","modified_gmt":"2015-03-23T06:37:24","slug":"teror-tekfircilik-ve-gericilige-karsi-en-on-safta-mucadelesini-surduruyor","status":"publish","type":"post","link":"https:\/\/archive.sana.sy\/tr\/?p=27274","title":{"rendered":"Ter\u00f6r Tekfircilik ve Gericili\u011fe Kar\u015f\u0131 En \u00d6n Safta M\u00fccadelesini S\u00fcrd\u00fcr\u00fcyor"},"content":{"rendered":"<p>\u015eAM \u2013 Kad\u0131nlar Birli\u011finin Ebla Otelinde d\u00fczenledi\u011fi Suriyeli Kad\u0131n Forumu d\u00fcn faaliyetlerine ba\u015flad\u0131.<br \/>\n\u0130ki g\u00fcn s\u00fcrecek forumda kad\u0131n\u0131n toplumdaki yeri ve ya\u015fam\u0131n b\u00fct\u00fcn alanlar\u0131nda erke\u011fin yan\u0131 ba\u015f\u0131nda duran kad\u0131n\u0131n aktif misyonu tart\u0131\u015f\u0131lacak.<\/p>\n<p>Forumun a\u00e7\u0131l\u0131\u015f\u0131nda bir konu\u015fma yapan Baas Partisi Ulusal Y\u00f6netim Genel Sekreter Yard\u0131mc\u0131s\u0131 Hilal el Hilal, tarihi boyunca i\u015fgale, s\u00f6m\u00fcr\u00fcye ve Siyonizm\u2019e kar\u015f\u0131 m\u00fccadelede en \u00f6n saflarda yer alan Suriyeli kad\u0131n\u0131n bug\u00fcn ter\u00f6r, tekfircilik ve gericili\u011fe kar\u015f\u0131 b\u00fct\u00fcn g\u00fcc\u00fcyle m\u00fccadelesini s\u00fcrd\u00fcrd\u00fc\u011f\u00fcn\u00fc ifade etti.<\/p>\n<p>Kad\u0131nlar Birli\u011fi Ba\u015fkan\u0131 Macide Katit ise \u00fclkede ta\u015flar\u0131, binalar\u0131, insanlar\u0131 ve insana dair her \u015feyi tahrip etmeyi ama\u00e7layan ter\u00f6r faaliyetleri sonu\u00e7lar\u0131ndan en fazla etkilenen kesimin kad\u0131nlar oldu\u011funa i\u015faret ederek kad\u0131n\u0131n cephedeki askerin ve \u015fehit d\u00fc\u015fen kahramanlar\u0131n e\u015fleri ve anneleri olmakla birlikte birebir ter\u00f6r sald\u0131r\u0131lar\u0131n\u0131n savunmas\u0131z kurbanlar\u0131 olduklar\u0131n\u0131 belirtti.<\/p>\n<p>Katit b\u00fct\u00fcn zorluklara, ac\u0131lara ve imkans\u0131zl\u0131klara ra\u011fmen Suriyeli kad\u0131n\u0131n sergiledi\u011fi direni\u015f\u00e7i duru\u015fun d\u00fcnyada zulme kar\u015f\u0131 direni\u015flere emsal te\u015fkil etti\u011fini vurgulad\u0131.<\/p>\n<p><a href=\"https:\/\/www.youtube.com\/watch?v=nW2m-8oYIFM\">https:\/\/www.youtube.com\/watch?v=nW2m-8oYIFM<\/a><\/p>\n<p>F.B. &#8211; R.H.<\/p>\n","protected":false},"excerpt":{"rendered":"<p>\u015eAM \u2013 Kad\u0131nlar Birli\u011finin Ebla Otelinde d\u00fczenledi\u011fi Suriyeli Kad\u0131n Forumu d\u00fcn faaliyetlerine ba\u015flad\u0131. \u0130ki g\u00fcn s\u00fcrecek forumda kad\u0131n\u0131n toplumdaki yeri ve ya\u015fam\u0131n b\u00fct\u00fcn alanlar\u0131nda erke\u011fin yan\u0131 ba\u015f\u0131nda duran kad\u0131n\u0131n aktif misyonu tart\u0131\u015f\u0131lacak. Forumun a\u00e7\u0131l\u0131\u015f\u0131nda bir konu\u015fma yapan Baas Partisi Ulusal Y\u00f6netim Genel Sekreter Yard\u0131mc\u0131s\u0131 Hilal el Hilal, tarihi boyunca i\u015fgale, s\u00f6m\u00fcr\u00fcye ve Siyonizm\u2019e kar\u015f\u0131 m\u00fccadelede &hellip;<\/p>\n","protected":false},"author":1,"featured_media":27275,"comment_status":"closed","ping_status":"closed","sticky":false,"template":"","format":"standard","meta":{"footnotes":""},"categories":[479,478],"tags":[12807],"class_list":["post-27274","post","type-post","status-publish","format-standard","has-post-thumbnail","","category-haberler-yerel","category-yerel","tag-teror-tekfircilik-ve-gericilige-karsi-en-on-safta-mucadelesini-surduruyor-sam-kadinlar-birliginin-ebla-otelinde-duzenledigi-suriyeli-kadin-forumu-dun-faaliyetlerine-basladi-iki-gun-surecek"],"_links":{"self":[{"href":"https:\/\/archive.sana.sy\/tr\/index.php?rest_route=\/wp\/v2\/posts\/27274","targetHints":{"allow":["GET"]}}],"collection":[{"href":"https:\/\/archive.sana.sy\/tr\/index.php?rest_route=\/wp\/v2\/posts"}],"about":[{"href":"https:\/\/archive.sana.sy\/tr\/index.php?rest_route=\/wp\/v2\/types\/post"}],"author":[{"embeddable":true,"href":"https:\/\/archive.sana.sy\/tr\/index.php?rest_route=\/wp\/v2\/users\/1"}],"replies":[{"embeddable":true,"href":"https:\/\/archive.sana.sy\/tr\/index.php?rest_route=%2Fwp%2Fv2%2Fcomments&post=27274"}],"version-history":[{"count":0,"href":"https:\/\/archive.sana.sy\/tr\/index.php?rest_route=\/wp\/v2\/posts\/27274\/revisions"}],"wp:featuredmedia":[{"embeddable":true,"href":"https:\/\/archive.sana.sy\/tr\/index.php?rest_route=\/wp\/v2\/media\/27275"}],"wp:attachment":[{"href":"https:\/\/archive.sana.sy\/tr\/index.php?rest_route=%2Fwp%2Fv2%2Fmedia&parent=27274"}],"wp:term":[{"taxonomy":"category","embeddable":true,"href":"https:\/\/archive.sana.sy\/tr\/index.php?rest_route=%2Fwp%2Fv2%2Fcategories&post=27274"},{"taxonomy":"post_tag","embeddable":true,"href":"https:\/\/archive.sana.sy\/tr\/index.php?rest_route=%2Fwp%2Fv2%2Ftags&post=27274"}],"curies":[{"name":"wp","href":"https:\/\/api.w.org\/{rel}","templated":true}]}}