{"id":272882,"date":"2023-02-05T14:38:44","date_gmt":"2023-02-05T12:38:44","guid":{"rendered":"https:\/\/sana.sy\/tr\/?p=272882"},"modified":"2023-02-06T08:18:00","modified_gmt":"2023-02-06T06:18:00","slug":"icisleri-bakanligi-dunya-binicilik-aticilik-kupasina-katilmaya-hak-kazanan-binicileri-onurlandirdir","status":"publish","type":"post","link":"https:\/\/archive.sana.sy\/tr\/?p=272882","title":{"rendered":"\u0130\u00e7i\u015fleri Bakanl\u0131\u011f\u0131, D\u00fcnya Binicilik At\u0131c\u0131l\u0131k Kupas\u0131&#8217;na Kat\u0131lmaya Hak Kazanan Binicileri Onurland\u0131rd\u0131r"},"content":{"rendered":"<p><strong>\u015eAM<\/strong> &#8211; \u0130\u00e7i\u015fleri Bakanl\u0131\u011f\u0131 bug\u00fcn G\u00fcney Afrika&#8217;da d\u00fczenlenen D\u00fcnya Binicilik At\u0131c\u0131l\u0131k Kupas\u0131&#8217;na kat\u0131lmaya hak <img loading=\"lazy\" decoding=\"async\" class=\" wp-image-272883 alignright\" src=\"http:\/\/sana.sy\/tr\/wp-content\/uploads\/2023\/02\/24-300x188-1.jpg\" alt=\"\" width=\"252\" height=\"158\" srcset=\"https:\/\/archive.sana.sy\/tr\/wp-content\/uploads\/2023\/02\/24-300x188-1.jpg 300w, https:\/\/archive.sana.sy\/tr\/wp-content\/uploads\/2023\/02\/24-300x188-1-150x94.jpg 150w\" sizes=\"auto, (max-width: 252px) 100vw, 252px\" \/>kazanan bincileri onurland\u0131rd\u0131.<\/p>\n<p>\u0130\u00e7i\u015fleri Bakan\u0131 T\u00fcmgeneral Muhammed El Rahmun, \u2018\u2019Bakanl\u0131\u011f\u0131n spora ve sporcuya g\u00f6sterdi\u011fi ilgi \u00e7er\u00e7evesinde verilen \u00f6d\u00fcl, \u0130\u00e7 G\u00fcvenlik G\u00fc\u00e7leri&#8217;ne ba\u011fl\u0131 sporcular\u0131n t\u00fcm turnuvalarda en iyi sonucu almalar\u0131 i\u00e7in her t\u00fcrl\u00fc deste\u011fi sa\u011fl\u0131yor\u2019\u2019 diyerek, s\u00fcrekli e\u011fitim, kararl\u0131l\u0131k ve sebat\u0131n her seviyede \u00fcst\u00fcn sonu\u00e7lar al\u0131nmas\u0131na yol a\u00e7t\u0131\u011f\u0131na dikkat \u00e7ekti.<\/p>\n<p>Onurland\u0131rma, g\u00f6sterdikleri ilgi ve \u00f6zenden dolay\u0131 te\u015fekk\u00fcrlerini ileten ve daha fazla \u015fampiyonluk i\u00e7in motive etden binici Yarbay Mahmud El Masri, binici Ahmed El Masri ve binici \u015euruk El Masri\u2019yi i\u00e7erdi.<\/p>\n<div id='gallery-1' class='gallery galleryid-272882 gallery-columns-3 gallery-size-medium'><figure class='gallery-item'>\n\t\t\t<div class='gallery-icon landscape'>\n\t\t\t\t<a href='https:\/\/archive.sana.sy\/tr\/?attachment_id=272884'><img loading=\"lazy\" decoding=\"async\" width=\"300\" height=\"200\" src=\"https:\/\/archive.sana.sy\/tr\/wp-content\/uploads\/2023\/02\/25-1-300x200.jpg\" class=\"attachment-medium size-medium\" alt=\"\" srcset=\"https:\/\/archive.sana.sy\/tr\/wp-content\/uploads\/2023\/02\/25-1-300x200.jpg 300w, https:\/\/archive.sana.sy\/tr\/wp-content\/uploads\/2023\/02\/25-1-150x100.jpg 150w, https:\/\/archive.sana.sy\/tr\/wp-content\/uploads\/2023\/02\/25-1.jpg 660w\" sizes=\"auto, (max-width: 300px) 100vw, 300px\" \/><\/a>\n\t\t\t<\/div><\/figure><figure class='gallery-item'>\n\t\t\t<div class='gallery-icon landscape'>\n\t\t\t\t<a href='https:\/\/archive.sana.sy\/tr\/?attachment_id=272885'><img loading=\"lazy\" decoding=\"async\" width=\"300\" height=\"200\" src=\"https:\/\/archive.sana.sy\/tr\/wp-content\/uploads\/2023\/02\/23-1-300x200.jpg\" class=\"attachment-medium size-medium\" alt=\"\" srcset=\"https:\/\/archive.sana.sy\/tr\/wp-content\/uploads\/2023\/02\/23-1-300x200.jpg 300w, https:\/\/archive.sana.sy\/tr\/wp-content\/uploads\/2023\/02\/23-1-150x100.jpg 150w, https:\/\/archive.sana.sy\/tr\/wp-content\/uploads\/2023\/02\/23-1.jpg 660w\" sizes=\"auto, (max-width: 300px) 100vw, 300px\" \/><\/a>\n\t\t\t<\/div><\/figure><figure class='gallery-item'>\n\t\t\t<div class='gallery-icon landscape'>\n\t\t\t\t<a href='https:\/\/archive.sana.sy\/tr\/?attachment_id=272886'><img loading=\"lazy\" decoding=\"async\" width=\"300\" height=\"200\" src=\"https:\/\/archive.sana.sy\/tr\/wp-content\/uploads\/2023\/02\/22-1-300x200.jpg\" class=\"attachment-medium size-medium\" alt=\"\" srcset=\"https:\/\/archive.sana.sy\/tr\/wp-content\/uploads\/2023\/02\/22-1-300x200.jpg 300w, https:\/\/archive.sana.sy\/tr\/wp-content\/uploads\/2023\/02\/22-1-150x100.jpg 150w, https:\/\/archive.sana.sy\/tr\/wp-content\/uploads\/2023\/02\/22-1.jpg 660w\" sizes=\"auto, (max-width: 300px) 100vw, 300px\" \/><\/a>\n\t\t\t<\/div><\/figure>\n\t\t<\/div>\n\n<p>&nbsp;<\/p>\n<p>R.M.<\/p>\n<p><a href=\"https:\/\/t.me\/SuriyeArapHaberAjansI\">Telegram Kanal\u0131m\u0131z\u00a0<\/a><\/p>\n<p><a href=\"https:\/\/www.facebook.com\/SANAHaberAjansi\/\">Facebook Sayfam\u0131z<\/a><\/p>\n","protected":false},"excerpt":{"rendered":"<p>\u015eAM &#8211; \u0130\u00e7i\u015fleri Bakanl\u0131\u011f\u0131 bug\u00fcn G\u00fcney Afrika&#8217;da d\u00fczenlenen D\u00fcnya Binicilik At\u0131c\u0131l\u0131k Kupas\u0131&#8217;na kat\u0131lmaya hak kazanan bincileri onurland\u0131rd\u0131. \u0130\u00e7i\u015fleri Bakan\u0131 T\u00fcmgeneral Muhammed El Rahmun, \u2018\u2019Bakanl\u0131\u011f\u0131n spora ve sporcuya g\u00f6sterdi\u011fi ilgi \u00e7er\u00e7evesinde verilen \u00f6d\u00fcl, \u0130\u00e7 G\u00fcvenlik G\u00fc\u00e7leri&#8217;ne ba\u011fl\u0131 sporcular\u0131n t\u00fcm turnuvalarda en iyi sonucu almalar\u0131 i\u00e7in her t\u00fcrl\u00fc deste\u011fi sa\u011fl\u0131yor\u2019\u2019 diyerek, s\u00fcrekli e\u011fitim, kararl\u0131l\u0131k ve sebat\u0131n her &hellip;<\/p>\n","protected":false},"author":41,"featured_media":272888,"comment_status":"closed","ping_status":"closed","sticky":false,"template":"","format":"standard","meta":{"footnotes":""},"categories":[498,479,17988,496,478],"tags":[],"class_list":["post-272882","post","type-post","status-publish","format-standard","has-post-thumbnail","","category-dunya-turnuvalari","category-haberler-yerel","category-son-haberler","category-spor","category-yerel"],"_links":{"self":[{"href":"https:\/\/archive.sana.sy\/tr\/index.php?rest_route=\/wp\/v2\/posts\/272882","targetHints":{"allow":["GET"]}}],"collection":[{"href":"https:\/\/archive.sana.sy\/tr\/index.php?rest_route=\/wp\/v2\/posts"}],"about":[{"href":"https:\/\/archive.sana.sy\/tr\/index.php?rest_route=\/wp\/v2\/types\/post"}],"author":[{"embeddable":true,"href":"https:\/\/archive.sana.sy\/tr\/index.php?rest_route=\/wp\/v2\/users\/41"}],"replies":[{"embeddable":true,"href":"https:\/\/archive.sana.sy\/tr\/index.php?rest_route=%2Fwp%2Fv2%2Fcomments&post=272882"}],"version-history":[{"count":0,"href":"https:\/\/archive.sana.sy\/tr\/index.php?rest_route=\/wp\/v2\/posts\/272882\/revisions"}],"wp:featuredmedia":[{"embeddable":true,"href":"https:\/\/archive.sana.sy\/tr\/index.php?rest_route=\/wp\/v2\/media\/272888"}],"wp:attachment":[{"href":"https:\/\/archive.sana.sy\/tr\/index.php?rest_route=%2Fwp%2Fv2%2Fmedia&parent=272882"}],"wp:term":[{"taxonomy":"category","embeddable":true,"href":"https:\/\/archive.sana.sy\/tr\/index.php?rest_route=%2Fwp%2Fv2%2Fcategories&post=272882"},{"taxonomy":"post_tag","embeddable":true,"href":"https:\/\/archive.sana.sy\/tr\/index.php?rest_route=%2Fwp%2Fv2%2Ftags&post=272882"}],"curies":[{"name":"wp","href":"https:\/\/api.w.org\/{rel}","templated":true}]}}