{"id":272912,"date":"2023-02-05T16:40:07","date_gmt":"2023-02-05T14:40:07","guid":{"rendered":"https:\/\/sana.sy\/tr\/?p=272912"},"modified":"2023-02-06T08:19:07","modified_gmt":"2023-02-06T06:19:07","slug":"uebk-herkes-icin-hayat-boyu-ogrenme-firsatlarini-tesvik-etmenin-onemi","status":"publish","type":"post","link":"https:\/\/archive.sana.sy\/tr\/?p=272912","title":{"rendered":"UEBK: Herkes \u0130\u00e7in Hayat Boyu \u00d6\u011frenme F\u0131rsatlar\u0131n\u0131 Te\u015fvik Etmenin \u00d6nemi"},"content":{"rendered":"<p><strong>HAVANA<\/strong> &#8211; 77 Grubu \u00fclkelerindeki ve \u00c7in&#8217;deki e\u011fitim bakanlar\u0131, kapsaml\u0131 ve e\u015fitlik\u00e7i e\u011fitim kalitesinin sa\u011flanmas\u0131 ve herkes i\u00e7in ya\u015fam boyu \u00f6\u011frenme f\u0131rsatlar\u0131n\u0131n geli\u015ftirilmesi gere\u011fini vurgulayarak, e\u011fitimin temel bir insan hakk\u0131 oldu\u011funu ve bar\u0131\u015f\u0131, s\u00fcrd\u00fcr\u00fclebilir kalk\u0131nmay\u0131 ve sosyal adaleti sa\u011flamla\u015ft\u0131rman\u0131n \u00f6n ko\u015fulu oldu\u011funu kaydetti.<\/p>\n<p><img loading=\"lazy\" decoding=\"async\" class=\"size-full wp-image-272914 alignright\" src=\"http:\/\/sana.sy\/tr\/wp-content\/uploads\/2023\/02\/999-1-300x169-1.jpg\" alt=\"\" width=\"300\" height=\"169\" srcset=\"https:\/\/archive.sana.sy\/tr\/wp-content\/uploads\/2023\/02\/999-1-300x169-1.jpg 300w, https:\/\/archive.sana.sy\/tr\/wp-content\/uploads\/2023\/02\/999-1-300x169-1-150x85.jpg 150w\" sizes=\"auto, (max-width: 300px) 100vw, 300px\" \/>K\u00fcba&#8217;n\u0131n ba\u015fkenti Havana&#8217;da Suriye&#8217;nin sanal kat\u0131l\u0131m\u0131yla ger\u00e7ekle\u015ftirilen Uluslararas\u0131 E\u011fitim Bilimleri Konferans\u0131 2023&#8217;\u00fcn 18&#8217;incisinin \u00e7al\u0131\u015fmalar\u0131n\u0131n sonunda, E\u011fitim Bakanl\u0131\u011f\u0131&#8217;n\u0131n bug\u00fcn Facebook sayfas\u0131nda yay\u0131nlad\u0131\u011f\u0131 a\u00e7\u0131klamaya g\u00f6re bakanlar, ulusal yasalara, y\u00f6netmeliklere, de\u011ferlere ve \u00f6nceliklere uygun olarak s\u00fcrd\u00fcr\u00fclebilir kalk\u0131nma hedefine ula\u015fmak i\u00e7in taahh\u00fcd\u00fc yo\u011funla\u015ft\u0131rman\u0131n ve \u00e7al\u0131\u015fman\u0131n \u00f6nemini vurgulad\u0131lar.<\/p>\n<p>A\u00e7\u0131klamada, e\u011fitimin ve e\u011fitimin finansman\u0131n\u0131n s\u00fcreklili\u011finin sa\u011flanmas\u0131, k\u00fcresel sistemle ilgili siyasi ve ekonomik kararlardan ve ili\u015fkilerden korunmas\u0131 vurguland\u0131 ve\u00a0 S\u00fcrd\u00fcr\u00fclebilir kalk\u0131nma hedeflerine ula\u015fmak ve e\u011fitim alan\u0131nda birlik, beraberlik ve uluslararas\u0131 i\u015fbirli\u011fini g\u00fc\u00e7lendirmek i\u00e7in \u00e7abalar\u0131 iki kat\u0131na \u00e7\u0131kar\u0131rken, geli\u015fmekte olan \u00fclkelerde e\u011fitim alan\u0131ndaki zorluklar\u0131n \u00fcstesinden gelmek i\u00e7in \u00e7al\u0131\u015fmak gerekti\u011fine i\u015faret ederek.<\/p>\n<p>A\u00e7\u0131klamada ayr\u0131ca, proje ba\u015flatmak ve iyi uygulama ve bilgi al\u0131\u015fveri\u015finde bulunmak amac\u0131yla Birle\u015fmi\u015f Milletler sisteminin ilgili kurum ve kurulu\u015flar\u0131n\u0131n kat\u0131l\u0131m\u0131yla uygulama mekanizmalar\u0131n\u0131n g\u00fc\u00e7lendirilmesi gere\u011fine i\u015faret edildi ve A\u00e7\u0131klamada, \u00f6\u011frenme ve e\u011fitim sistemlerinin dijital d\u00f6n\u00fc\u015f\u00fcm\u00fc ile ilgilenen kamu politikalar\u0131n\u0131n te\u015fvik edilmesi vurguland\u0131.<\/p>\n<p>&nbsp;<\/p>\n<p>R.M.<\/p>\n<p><a href=\"https:\/\/t.me\/SuriyeArapHaberAjansI\">Telegram Kanal\u0131m\u0131z\u00a0<\/a><\/p>\n<p><a href=\"https:\/\/www.facebook.com\/SANAHaberAjansi\/\">Facebook Sayfam\u0131z<\/a><\/p>\n","protected":false},"excerpt":{"rendered":"<p>HAVANA &#8211; 77 Grubu \u00fclkelerindeki ve \u00c7in&#8217;deki e\u011fitim bakanlar\u0131, kapsaml\u0131 ve e\u015fitlik\u00e7i e\u011fitim kalitesinin sa\u011flanmas\u0131 ve herkes i\u00e7in ya\u015fam boyu \u00f6\u011frenme f\u0131rsatlar\u0131n\u0131n geli\u015ftirilmesi gere\u011fini vurgulayarak, e\u011fitimin temel bir insan hakk\u0131 oldu\u011funu ve bar\u0131\u015f\u0131, s\u00fcrd\u00fcr\u00fclebilir kalk\u0131nmay\u0131 ve sosyal adaleti sa\u011flamla\u015ft\u0131rman\u0131n \u00f6n ko\u015fulu oldu\u011funu kaydetti. K\u00fcba&#8217;n\u0131n ba\u015fkenti Havana&#8217;da Suriye&#8217;nin sanal kat\u0131l\u0131m\u0131yla ger\u00e7ekle\u015ftirilen Uluslararas\u0131 E\u011fitim Bilimleri Konferans\u0131 2023&#8217;\u00fcn &hellip;<\/p>\n","protected":false},"author":41,"featured_media":272913,"comment_status":"closed","ping_status":"closed","sticky":false,"template":"","format":"standard","meta":{"footnotes":""},"categories":[458,516,459,511,17988],"tags":[],"class_list":["post-272912","post","type-post","status-publish","format-standard","has-post-thumbnail","","category-dunya1","category-haberler-kultur-ve-sanat","category-haberler-arap-uluslararasi-politika","category-kultur-ve-sanat","category-son-haberler"],"_links":{"self":[{"href":"https:\/\/archive.sana.sy\/tr\/index.php?rest_route=\/wp\/v2\/posts\/272912","targetHints":{"allow":["GET"]}}],"collection":[{"href":"https:\/\/archive.sana.sy\/tr\/index.php?rest_route=\/wp\/v2\/posts"}],"about":[{"href":"https:\/\/archive.sana.sy\/tr\/index.php?rest_route=\/wp\/v2\/types\/post"}],"author":[{"embeddable":true,"href":"https:\/\/archive.sana.sy\/tr\/index.php?rest_route=\/wp\/v2\/users\/41"}],"replies":[{"embeddable":true,"href":"https:\/\/archive.sana.sy\/tr\/index.php?rest_route=%2Fwp%2Fv2%2Fcomments&post=272912"}],"version-history":[{"count":0,"href":"https:\/\/archive.sana.sy\/tr\/index.php?rest_route=\/wp\/v2\/posts\/272912\/revisions"}],"wp:featuredmedia":[{"embeddable":true,"href":"https:\/\/archive.sana.sy\/tr\/index.php?rest_route=\/wp\/v2\/media\/272913"}],"wp:attachment":[{"href":"https:\/\/archive.sana.sy\/tr\/index.php?rest_route=%2Fwp%2Fv2%2Fmedia&parent=272912"}],"wp:term":[{"taxonomy":"category","embeddable":true,"href":"https:\/\/archive.sana.sy\/tr\/index.php?rest_route=%2Fwp%2Fv2%2Fcategories&post=272912"},{"taxonomy":"post_tag","embeddable":true,"href":"https:\/\/archive.sana.sy\/tr\/index.php?rest_route=%2Fwp%2Fv2%2Ftags&post=272912"}],"curies":[{"name":"wp","href":"https:\/\/api.w.org\/{rel}","templated":true}]}}