{"id":272999,"date":"2023-02-06T09:57:55","date_gmt":"2023-02-06T07:57:55","guid":{"rendered":"https:\/\/sana.sy\/tr\/?p=272999"},"modified":"2023-02-07T09:03:30","modified_gmt":"2023-02-07T07:03:30","slug":"sivil-savunma-halepin-kellase-mahallesinde-3-bina-coktu-enkaz-altindan-ilk-ceset-cikarildi","status":"publish","type":"post","link":"https:\/\/archive.sana.sy\/tr\/?p=272999","title":{"rendered":"Sivil Savunma: Halep&#8217;in Kellase Mahallesinde 3 Bina \u00c7\u00f6kt\u00fc, Enkaz Alt\u0131ndan \u0130lk \u00c7eset \u00c7\u0131kar\u0131ld\u01311&#8243;V\u0130DEO&#8221;"},"content":{"rendered":"<p><strong>HALEP<\/strong> &#8211; Sivil Savunma&#8217;dan bir kaynak, Halep muhabirine, Zeyd bin Harise \u00dcniversitesi yak\u0131nlar\u0131ndaki Kellase mahallesinde 3 adet d\u00f6rt katl\u0131 binan\u0131n d\u00fc\u015ft\u00fc\u011f\u00fcn\u00fc s\u00f6yledi.<\/p>\n<p>Kaynak, enkaz alt\u0131nda \u00e7ok say\u0131da kay\u0131p ki\u015finin olmas\u0131n\u0131n beklendi\u011fi gibi.<br \/>\nsivil savunma ekiplerinin enkaz alt\u0131ndan ilk cesedi \u00e7\u0131kard\u0131\u011f\u0131n\u0131 bildirdi.<\/p>\n<div id='gallery-1' class='gallery galleryid-272999 gallery-columns-2 gallery-size-full'><figure class='gallery-item'>\n\t\t\t<div class='gallery-icon landscape'>\n\t\t\t\t<a href='https:\/\/archive.sana.sy\/tr\/wp-content\/uploads\/2023\/02\/photo_2023-02-06_09-27-58-1-300x169-1.jpg'><img loading=\"lazy\" decoding=\"async\" width=\"300\" height=\"169\" src=\"https:\/\/archive.sana.sy\/tr\/wp-content\/uploads\/2023\/02\/photo_2023-02-06_09-27-58-1-300x169-1.jpg\" class=\"attachment-full size-full\" alt=\"\" srcset=\"https:\/\/archive.sana.sy\/tr\/wp-content\/uploads\/2023\/02\/photo_2023-02-06_09-27-58-1-300x169-1.jpg 300w, https:\/\/archive.sana.sy\/tr\/wp-content\/uploads\/2023\/02\/photo_2023-02-06_09-27-58-1-300x169-1-150x85.jpg 150w\" sizes=\"auto, (max-width: 300px) 100vw, 300px\" \/><\/a>\n\t\t\t<\/div><\/figure><figure class='gallery-item'>\n\t\t\t<div class='gallery-icon landscape'>\n\t\t\t\t<a href='https:\/\/archive.sana.sy\/tr\/wp-content\/uploads\/2023\/02\/photo_2023-02-06_09-28-02-1-300x180-1.jpg'><img loading=\"lazy\" decoding=\"async\" width=\"300\" height=\"180\" src=\"https:\/\/archive.sana.sy\/tr\/wp-content\/uploads\/2023\/02\/photo_2023-02-06_09-28-02-1-300x180-1.jpg\" class=\"attachment-full size-full\" alt=\"\" srcset=\"https:\/\/archive.sana.sy\/tr\/wp-content\/uploads\/2023\/02\/photo_2023-02-06_09-28-02-1-300x180-1.jpg 300w, https:\/\/archive.sana.sy\/tr\/wp-content\/uploads\/2023\/02\/photo_2023-02-06_09-28-02-1-300x180-1-150x90.jpg 150w\" sizes=\"auto, (max-width: 300px) 100vw, 300px\" \/><\/a>\n\t\t\t<\/div><\/figure>\n\t\t<\/div>\n\n<p><iframe loading=\"lazy\" title=\"\u0633\u0642\u0648\u0637 3 \u0623\u0628\u0646\u064a\u0629 \u0645\u0624\u0644\u0641\u0629 \u0645\u0646 4 \u0637\u0648\u0627\u0628\u0642 \u0641\u064a \u062d\u064a \u0627\u0644\u0643\u0644\u0627\u0633\u0629 \u062c\u0631\u0627\u0621 \u0627\u0644\u0632\u0644\u0632\u0627\u0644 \u0627\u0644\u0630\u064a \u0636\u0631\u0628 \u0633\u0648\u0631\u064a\u0629 \u0641\u062c\u0631 \u0627\u0644\u064a\u0648\u0645\" src=\"https:\/\/www.youtube.com\/embed\/gwFFEtk6e7Q\" width=\"620\" height=\"348\" frameborder=\"0\" allowfullscreen=\"allowfullscreen\"><\/iframe><\/p>\n<p>&nbsp;<\/p>\n<p><a href=\"https:\/\/t.me\/SuriyeArapHaberAjansI\">Telegram Kanal\u0131m\u0131z\u00a0<\/a><\/p>\n<p><a href=\"https:\/\/www.facebook.com\/SANAHaberAjansi\/\">Facebook Sayfam\u0131z<\/a><\/p>\n","protected":false},"excerpt":{"rendered":"<p>HALEP &#8211; Sivil Savunma&#8217;dan bir kaynak, Halep muhabirine, Zeyd bin Harise \u00dcniversitesi yak\u0131nlar\u0131ndaki Kellase mahallesinde 3 adet d\u00f6rt katl\u0131 binan\u0131n d\u00fc\u015ft\u00fc\u011f\u00fcn\u00fc s\u00f6yledi. Kaynak, enkaz alt\u0131nda \u00e7ok say\u0131da kay\u0131p ki\u015finin olmas\u0131n\u0131n beklendi\u011fi gibi. sivil savunma ekiplerinin enkaz alt\u0131ndan ilk cesedi \u00e7\u0131kard\u0131\u011f\u0131n\u0131 bildirdi. &nbsp; Telegram Kanal\u0131m\u0131z\u00a0 Facebook Sayfam\u0131z<\/p>\n","protected":false},"author":39,"featured_media":273000,"comment_status":"closed","ping_status":"closed","sticky":false,"template":"","format":"standard","meta":{"footnotes":""},"categories":[479,17988,478],"tags":[],"class_list":["post-272999","post","type-post","status-publish","format-standard","has-post-thumbnail","","category-haberler-yerel","category-son-haberler","category-yerel"],"_links":{"self":[{"href":"https:\/\/archive.sana.sy\/tr\/index.php?rest_route=\/wp\/v2\/posts\/272999","targetHints":{"allow":["GET"]}}],"collection":[{"href":"https:\/\/archive.sana.sy\/tr\/index.php?rest_route=\/wp\/v2\/posts"}],"about":[{"href":"https:\/\/archive.sana.sy\/tr\/index.php?rest_route=\/wp\/v2\/types\/post"}],"author":[{"embeddable":true,"href":"https:\/\/archive.sana.sy\/tr\/index.php?rest_route=\/wp\/v2\/users\/39"}],"replies":[{"embeddable":true,"href":"https:\/\/archive.sana.sy\/tr\/index.php?rest_route=%2Fwp%2Fv2%2Fcomments&post=272999"}],"version-history":[{"count":0,"href":"https:\/\/archive.sana.sy\/tr\/index.php?rest_route=\/wp\/v2\/posts\/272999\/revisions"}],"wp:featuredmedia":[{"embeddable":true,"href":"https:\/\/archive.sana.sy\/tr\/index.php?rest_route=\/wp\/v2\/media\/273000"}],"wp:attachment":[{"href":"https:\/\/archive.sana.sy\/tr\/index.php?rest_route=%2Fwp%2Fv2%2Fmedia&parent=272999"}],"wp:term":[{"taxonomy":"category","embeddable":true,"href":"https:\/\/archive.sana.sy\/tr\/index.php?rest_route=%2Fwp%2Fv2%2Fcategories&post=272999"},{"taxonomy":"post_tag","embeddable":true,"href":"https:\/\/archive.sana.sy\/tr\/index.php?rest_route=%2Fwp%2Fv2%2Ftags&post=272999"}],"curies":[{"name":"wp","href":"https:\/\/api.w.org\/{rel}","templated":true}]}}