{"id":273004,"date":"2023-02-06T10:05:35","date_gmt":"2023-02-06T08:05:35","guid":{"rendered":"https:\/\/sana.sy\/tr\/?p=273004"},"modified":"2023-02-06T10:19:00","modified_gmt":"2023-02-06T08:19:00","slug":"suriye-kalkinma-vakfi-tum-calisma-ve-faaliyetlerinin-durduruldugunu-ve-vakfin-tum-personelinin-depremden-etkilenen-tum-alanlarda-etkilenen-insanlarimiza-yardim-saglamak-icin-seferber-edildigini-duyur","status":"publish","type":"post","link":"https:\/\/archive.sana.sy\/tr\/?p=273004","title":{"rendered":"Suriye Kalk\u0131nma Vakf\u0131, t\u00fcm \u00e7al\u0131\u015fma ve faaliyetlerinin durduruldu\u011funu ve Vakf\u0131n t\u00fcm personelinin depremden etkilenen t\u00fcm alanlarda etkilenen insanlar\u0131m\u0131za yard\u0131m sa\u011flamak i\u00e7in seferber edildi\u011fini duyurdu. Sekretarya, ilk andan itibaren t\u00fcm kadrolar\u0131n\u0131 depremden en \u00e7ok etkilenen vilayetler olan Lazkiye, Halep ve Hama vilayetlerinde etkilenenlere ilk m\u00fcdahalenin bir par\u00e7as\u0131 olarak temel ihtiya\u00e7lar\u0131 sa\u011flamak \u00fczere  Suriye Arap K\u0131z\u0131lay\u0131&#8217;n\u0131n emrine verdi."},"content":{"rendered":"","protected":false},"excerpt":{"rendered":"","protected":false},"author":39,"featured_media":0,"comment_status":"closed","ping_status":"closed","sticky":false,"template":"","format":"standard","meta":{"footnotes":""},"categories":[1],"tags":[],"class_list":["post-273004","post","type-post","status-publish","format-standard","","category-news-not-sorted"],"_links":{"self":[{"href":"https:\/\/archive.sana.sy\/tr\/index.php?rest_route=\/wp\/v2\/posts\/273004","targetHints":{"allow":["GET"]}}],"collection":[{"href":"https:\/\/archive.sana.sy\/tr\/index.php?rest_route=\/wp\/v2\/posts"}],"about":[{"href":"https:\/\/archive.sana.sy\/tr\/index.php?rest_route=\/wp\/v2\/types\/post"}],"author":[{"embeddable":true,"href":"https:\/\/archive.sana.sy\/tr\/index.php?rest_route=\/wp\/v2\/users\/39"}],"replies":[{"embeddable":true,"href":"https:\/\/archive.sana.sy\/tr\/index.php?rest_route=%2Fwp%2Fv2%2Fcomments&post=273004"}],"version-history":[{"count":0,"href":"https:\/\/archive.sana.sy\/tr\/index.php?rest_route=\/wp\/v2\/posts\/273004\/revisions"}],"wp:attachment":[{"href":"https:\/\/archive.sana.sy\/tr\/index.php?rest_route=%2Fwp%2Fv2%2Fmedia&parent=273004"}],"wp:term":[{"taxonomy":"category","embeddable":true,"href":"https:\/\/archive.sana.sy\/tr\/index.php?rest_route=%2Fwp%2Fv2%2Fcategories&post=273004"},{"taxonomy":"post_tag","embeddable":true,"href":"https:\/\/archive.sana.sy\/tr\/index.php?rest_route=%2Fwp%2Fv2%2Ftags&post=273004"}],"curies":[{"name":"wp","href":"https:\/\/api.w.org\/{rel}","templated":true}]}}