{"id":273009,"date":"2023-02-06T10:18:41","date_gmt":"2023-02-06T08:18:41","guid":{"rendered":"https:\/\/sana.sy\/tr\/?p=273009"},"modified":"2023-02-07T09:03:46","modified_gmt":"2023-02-07T07:03:46","slug":"tartusta-deprem-nedeniyle-20-vatandas-yaralandi-binalar-hasar-gordu","status":"publish","type":"post","link":"https:\/\/archive.sana.sy\/tr\/?p=273009","title":{"rendered":"Tartus&#8217;ta Deprem Nedeniyle 20 Vatanda\u015f Yaraland\u0131, Binalar Hasar G\u00f6rd\u00fc"},"content":{"rendered":"<p><strong>TARTUS<\/strong> _ Tartus vilayetinde bug\u00fcn \u015fafak vakti meydana gelen deprem sonucu valilik k\u0131rsal\u0131ndaki belde ve k\u00f6ylerdeki di\u011fer evlerin bir k\u0131sm\u0131n\u0131n \u00e7\u00f6kmesinin yan\u0131 s\u0131ra 20 vatanda\u015f yaraland\u0131, bir bina y\u0131k\u0131ld\u0131.<\/p>\n<p><a href=\"https:\/\/t.me\/SuriyeArapHaberAjansI\">Telegram Kanal\u0131m\u0131z\u00a0<\/a><\/p>\n<p><a href=\"https:\/\/www.facebook.com\/SANAHaberAjansi\/\">Facebook Sayfam\u0131z<\/a><\/p>\n","protected":false},"excerpt":{"rendered":"<p>TARTUS _ Tartus vilayetinde bug\u00fcn \u015fafak vakti meydana gelen deprem sonucu valilik k\u0131rsal\u0131ndaki belde ve k\u00f6ylerdeki di\u011fer evlerin bir k\u0131sm\u0131n\u0131n \u00e7\u00f6kmesinin yan\u0131 s\u0131ra 20 vatanda\u015f yaraland\u0131, bir bina y\u0131k\u0131ld\u0131. Telegram Kanal\u0131m\u0131z\u00a0 Facebook Sayfam\u0131z<\/p>\n","protected":false},"author":39,"featured_media":273010,"comment_status":"closed","ping_status":"closed","sticky":false,"template":"","format":"standard","meta":{"footnotes":""},"categories":[479,17988,478],"tags":[],"class_list":["post-273009","post","type-post","status-publish","format-standard","has-post-thumbnail","","category-haberler-yerel","category-son-haberler","category-yerel"],"_links":{"self":[{"href":"https:\/\/archive.sana.sy\/tr\/index.php?rest_route=\/wp\/v2\/posts\/273009","targetHints":{"allow":["GET"]}}],"collection":[{"href":"https:\/\/archive.sana.sy\/tr\/index.php?rest_route=\/wp\/v2\/posts"}],"about":[{"href":"https:\/\/archive.sana.sy\/tr\/index.php?rest_route=\/wp\/v2\/types\/post"}],"author":[{"embeddable":true,"href":"https:\/\/archive.sana.sy\/tr\/index.php?rest_route=\/wp\/v2\/users\/39"}],"replies":[{"embeddable":true,"href":"https:\/\/archive.sana.sy\/tr\/index.php?rest_route=%2Fwp%2Fv2%2Fcomments&post=273009"}],"version-history":[{"count":0,"href":"https:\/\/archive.sana.sy\/tr\/index.php?rest_route=\/wp\/v2\/posts\/273009\/revisions"}],"wp:featuredmedia":[{"embeddable":true,"href":"https:\/\/archive.sana.sy\/tr\/index.php?rest_route=\/wp\/v2\/media\/273010"}],"wp:attachment":[{"href":"https:\/\/archive.sana.sy\/tr\/index.php?rest_route=%2Fwp%2Fv2%2Fmedia&parent=273009"}],"wp:term":[{"taxonomy":"category","embeddable":true,"href":"https:\/\/archive.sana.sy\/tr\/index.php?rest_route=%2Fwp%2Fv2%2Fcategories&post=273009"},{"taxonomy":"post_tag","embeddable":true,"href":"https:\/\/archive.sana.sy\/tr\/index.php?rest_route=%2Fwp%2Fv2%2Ftags&post=273009"}],"curies":[{"name":"wp","href":"https:\/\/api.w.org\/{rel}","templated":true}]}}