{"id":273020,"date":"2023-02-06T10:20:11","date_gmt":"2023-02-06T08:20:11","guid":{"rendered":"https:\/\/sana.sy\/tr\/?p=273020"},"modified":"2023-02-07T09:03:57","modified_gmt":"2023-02-07T07:03:57","slug":"elektrik-bakanligi-depremin-sebekeye-verdigi-zarari-onarmak-icin-valiliklerdeki-atolyelerini-alarma-gecirdi","status":"publish","type":"post","link":"https:\/\/archive.sana.sy\/tr\/?p=273020","title":{"rendered":"Elektrik Bakanl\u0131\u011f\u0131, Depremin \u015eebekeye Verdi\u011fi Zarar\u0131 Onarmak \u0130\u00e7in Valiliklerdeki At\u00f6lyelerini Alarma Ge\u00e7irdi"},"content":{"rendered":"<p><strong>\u015eAM<\/strong>&#8211; Elektrik Bakanl\u0131\u011f\u0131, Halep, Lazkiye, Tartus ve Hama&#8217;daki elektrik \u015firketlerinin i\u015f\u00e7ilerine destek olmak ve onar\u0131m i\u00e7in gerekli malzemeleri sa\u011flamak i\u00e7in valiliklerdeki kamu elektrik \u015firketlerinin at\u00f6lyeleri ile operasyonel i\u015fletme birimlerini seferber etti\u011fini duyurdu.<\/p>\n<p><a href=\"https:\/\/t.me\/SuriyeArapHaberAjansI\">Telegram Kanal\u0131m\u0131z\u00a0<\/a><\/p>\n<p><a href=\"https:\/\/www.facebook.com\/SANAHaberAjansi\/\">Facebook Sayfam\u0131z<\/a><\/p>\n<p>&nbsp;<\/p>\n","protected":false},"excerpt":{"rendered":"<p>\u015eAM&#8211; Elektrik Bakanl\u0131\u011f\u0131, Halep, Lazkiye, Tartus ve Hama&#8217;daki elektrik \u015firketlerinin i\u015f\u00e7ilerine destek olmak ve onar\u0131m i\u00e7in gerekli malzemeleri sa\u011flamak i\u00e7in valiliklerdeki kamu elektrik \u015firketlerinin at\u00f6lyeleri ile operasyonel i\u015fletme birimlerini seferber etti\u011fini duyurdu. Telegram Kanal\u0131m\u0131z\u00a0 Facebook Sayfam\u0131z &nbsp;<\/p>\n","protected":false},"author":1,"featured_media":273021,"comment_status":"closed","ping_status":"closed","sticky":false,"template":"","format":"standard","meta":{"footnotes":""},"categories":[479,17988,478],"tags":[],"class_list":["post-273020","post","type-post","status-publish","format-standard","has-post-thumbnail","","category-haberler-yerel","category-son-haberler","category-yerel"],"_links":{"self":[{"href":"https:\/\/archive.sana.sy\/tr\/index.php?rest_route=\/wp\/v2\/posts\/273020","targetHints":{"allow":["GET"]}}],"collection":[{"href":"https:\/\/archive.sana.sy\/tr\/index.php?rest_route=\/wp\/v2\/posts"}],"about":[{"href":"https:\/\/archive.sana.sy\/tr\/index.php?rest_route=\/wp\/v2\/types\/post"}],"author":[{"embeddable":true,"href":"https:\/\/archive.sana.sy\/tr\/index.php?rest_route=\/wp\/v2\/users\/1"}],"replies":[{"embeddable":true,"href":"https:\/\/archive.sana.sy\/tr\/index.php?rest_route=%2Fwp%2Fv2%2Fcomments&post=273020"}],"version-history":[{"count":0,"href":"https:\/\/archive.sana.sy\/tr\/index.php?rest_route=\/wp\/v2\/posts\/273020\/revisions"}],"wp:featuredmedia":[{"embeddable":true,"href":"https:\/\/archive.sana.sy\/tr\/index.php?rest_route=\/wp\/v2\/media\/273021"}],"wp:attachment":[{"href":"https:\/\/archive.sana.sy\/tr\/index.php?rest_route=%2Fwp%2Fv2%2Fmedia&parent=273020"}],"wp:term":[{"taxonomy":"category","embeddable":true,"href":"https:\/\/archive.sana.sy\/tr\/index.php?rest_route=%2Fwp%2Fv2%2Fcategories&post=273020"},{"taxonomy":"post_tag","embeddable":true,"href":"https:\/\/archive.sana.sy\/tr\/index.php?rest_route=%2Fwp%2Fv2%2Ftags&post=273020"}],"curies":[{"name":"wp","href":"https:\/\/api.w.org\/{rel}","templated":true}]}}