{"id":273056,"date":"2023-02-06T11:16:12","date_gmt":"2023-02-06T09:16:12","guid":{"rendered":"https:\/\/sana.sy\/tr\/?p=273056"},"modified":"2023-02-07T09:04:24","modified_gmt":"2023-02-07T07:04:24","slug":"hamada-meydana-gelen-depremde-simdiye-kadar-17-kisi-hayatini-kaybetti-23-kisi-yaralandi","status":"publish","type":"post","link":"https:\/\/archive.sana.sy\/tr\/?p=273056","title":{"rendered":"Hama&#8217;da Meydana Gelen Depremde \u015eimdiye Kadar 17 Ki\u015fi Hayat\u0131n\u0131 Kaybetti, 23 Ki\u015fi Yaraland\u0131"},"content":{"rendered":"<p><strong>HAMA<\/strong> \u2013 Hama Ulusal Hastanesi Genel M\u00fcd\u00fcr\u00fc Dr. Selim Khalluf, Hama \u015fehri ve El \u011eab b\u00f6lgesinde 17 ki\u015finin \u00f6ld\u00fc\u011f\u00fcn\u00fc ve 23 ki\u015finin de yaraland\u0131\u011f\u0131n\u0131 belirtti.<\/p>\n<p>Khalluf, SANA muhabirine yapt\u0131\u011f\u0131 a\u00e7\u0131klamada, hastanenin acil vakalar\u0131 almaya devam etti\u011fini ve deprem sonucu yaralananlar\u0131n tedavi alt\u0131na al\u0131nd\u0131\u011f\u0131n\u0131 ifade etti.<\/p>\n<p><a href=\"https:\/\/t.me\/SuriyeArapHaberAjansI\">Telegram Kanal\u0131m\u0131z\u00a0<\/a><\/p>\n<p><a href=\"https:\/\/www.facebook.com\/SANAHaberAjansi\/\">Facebook Sayfam\u0131z<\/a><\/p>\n","protected":false},"excerpt":{"rendered":"<p>HAMA \u2013 Hama Ulusal Hastanesi Genel M\u00fcd\u00fcr\u00fc Dr. Selim Khalluf, Hama \u015fehri ve El \u011eab b\u00f6lgesinde 17 ki\u015finin \u00f6ld\u00fc\u011f\u00fcn\u00fc ve 23 ki\u015finin de yaraland\u0131\u011f\u0131n\u0131 belirtti. Khalluf, SANA muhabirine yapt\u0131\u011f\u0131 a\u00e7\u0131klamada, hastanenin acil vakalar\u0131 almaya devam etti\u011fini ve deprem sonucu yaralananlar\u0131n tedavi alt\u0131na al\u0131nd\u0131\u011f\u0131n\u0131 ifade etti. Telegram Kanal\u0131m\u0131z\u00a0 Facebook Sayfam\u0131z<\/p>\n","protected":false},"author":39,"featured_media":273057,"comment_status":"closed","ping_status":"closed","sticky":false,"template":"","format":"standard","meta":{"footnotes":""},"categories":[479,17988,478],"tags":[],"class_list":["post-273056","post","type-post","status-publish","format-standard","has-post-thumbnail","","category-haberler-yerel","category-son-haberler","category-yerel"],"_links":{"self":[{"href":"https:\/\/archive.sana.sy\/tr\/index.php?rest_route=\/wp\/v2\/posts\/273056","targetHints":{"allow":["GET"]}}],"collection":[{"href":"https:\/\/archive.sana.sy\/tr\/index.php?rest_route=\/wp\/v2\/posts"}],"about":[{"href":"https:\/\/archive.sana.sy\/tr\/index.php?rest_route=\/wp\/v2\/types\/post"}],"author":[{"embeddable":true,"href":"https:\/\/archive.sana.sy\/tr\/index.php?rest_route=\/wp\/v2\/users\/39"}],"replies":[{"embeddable":true,"href":"https:\/\/archive.sana.sy\/tr\/index.php?rest_route=%2Fwp%2Fv2%2Fcomments&post=273056"}],"version-history":[{"count":0,"href":"https:\/\/archive.sana.sy\/tr\/index.php?rest_route=\/wp\/v2\/posts\/273056\/revisions"}],"wp:featuredmedia":[{"embeddable":true,"href":"https:\/\/archive.sana.sy\/tr\/index.php?rest_route=\/wp\/v2\/media\/273057"}],"wp:attachment":[{"href":"https:\/\/archive.sana.sy\/tr\/index.php?rest_route=%2Fwp%2Fv2%2Fmedia&parent=273056"}],"wp:term":[{"taxonomy":"category","embeddable":true,"href":"https:\/\/archive.sana.sy\/tr\/index.php?rest_route=%2Fwp%2Fv2%2Fcategories&post=273056"},{"taxonomy":"post_tag","embeddable":true,"href":"https:\/\/archive.sana.sy\/tr\/index.php?rest_route=%2Fwp%2Fv2%2Ftags&post=273056"}],"curies":[{"name":"wp","href":"https:\/\/api.w.org\/{rel}","templated":true}]}}