{"id":273073,"date":"2023-02-06T11:59:41","date_gmt":"2023-02-06T09:59:41","guid":{"rendered":"https:\/\/sana.sy\/tr\/?p=273073"},"modified":"2023-02-07T09:04:30","modified_gmt":"2023-02-07T07:04:30","slug":"deprem-merkezi-muduru-sanaya-depremden-sonraki-tum-artci-sarsintilar-daha-zayif-siddette-tsunami-beklentisi-yok","status":"publish","type":"post","link":"https:\/\/archive.sana.sy\/tr\/?p=273073","title":{"rendered":"Deprem Merkezi M\u00fcd\u00fcr\u00fc SANA&#8217;ya: Depremden Sonraki T\u00fcm Art\u00e7\u0131 Sars\u0131nt\u0131lar Daha Zay\u0131f \u015eiddette (Tsunami) Beklentisi Yok"},"content":{"rendered":"<p><strong>\u015eAM<\/strong> &#8211; Ulusal Sismoloji Merkezi, bug\u00fcn \u015fafak vakti \u0130skenderun b\u00f6lgesini vuran ve Suriye&#8217;nin \u00e7ok say\u0131da vilayetini etkileyen deprem sonucu 08:36&#8217;ya kadar art\u00e7\u0131 sars\u0131nt\u0131 say\u0131s\u0131n\u0131n 15&#8217;e ula\u015ft\u0131\u011f\u0131n\u0131 duyurdu.<\/p>\n<p>Ulusal Sismoloji Merkezi Genel M\u00fcd\u00fcr\u00fc Dr. Raed Ahmed, SANA&#8217;ya yapt\u0131\u011f\u0131 a\u00e7\u0131klamada, art\u00e7\u0131 sars\u0131nt\u0131lar\u0131n meydana gelen depremden \u00e7ok daha zay\u0131f oldu\u011fu i\u00e7in vatanda\u015flara art\u00e7\u0131 sars\u0131nt\u0131larla ilgili g\u00fcvence vererek, Lazkiye, Homs ve Halep sakinlerinin hissetti\u011fi son art\u00e7\u0131 sars\u0131nt\u0131n\u0131n Richter \u00f6l\u00e7e\u011fine g\u00f6re 4,6 derece oldu\u011fu belirtildi.<\/p>\n<p>Ahmed, Suriye&#8217;nin \u0130skenderun&#8217;un kuzeyinde meydana gelen depremden genel olarak \u00e7e\u015fitli b\u00f6lgelerin etkilendi\u011fini, depremin merkez \u00fcss\u00fcne yak\u0131n b\u00f6lgelerin en \u00e7ok \u0130dlib, Lazkiye ve Halep&#8217;te etkilendi\u011fini a\u00e7\u0131klad\u0131.<\/p>\n<p>Deprem ve art\u00e7\u0131 sars\u0131nt\u0131lar\u0131n karada meydana geldi\u011fini, denizde meydana gelmedi\u011fini, dolay\u0131s\u0131yla bir \u201ctsunami\u201d beklenmedi\u011fini belirterek, bu depremin ulusal sismik izleme a\u011f\u0131n\u0131n yat\u0131r\u0131m \u00f6mr\u00fc boyunca, yani 1995&#8217;ten beri ve sismik istikrars\u0131zl\u0131k durumunun devam edece\u011fi, ancak daha zay\u0131f sars\u0131nt\u0131lara sahip ve 5 derece s\u0131n\u0131rlar\u0131 i\u00e7inde oldu\u011funu iletti.<\/p>\n<p>Ahmed, binalar\u0131n hasar g\u00f6rmesinin ve deprem \u00fczerindeki etkisinin, bina str\u00fckt\u00fcr\u00fcn\u00fcn tepkisine ve depreme dayan\u0131kl\u0131l\u0131\u011f\u0131na ba\u011fl\u0131 oldu\u011funa dikkat \u00e7ekerek, y\u0131k\u0131lmak \u00fczere olan binalar\u0131n g\u00fc\u00e7lendirilmesi ve bunlara m\u00fchendislik tedavisinin yap\u0131lmas\u0131 gerekti\u011fini vurgulad\u0131.<\/p>\n<p>Ahmed, ulusal sismik izleme a\u011f\u0131n\u0131n ge\u00e7en Aral\u0131k ay\u0131n\u0131n 18&#8217;inden bu yana Lazkiye&#8217;nin kuzeyinde, \u0130dlib&#8217;in kuzeybat\u0131s\u0131nda, Hama&#8217;n\u0131n kuzeybat\u0131s\u0131nda ve Telkalah b\u00f6lgesinde bir dizi orta \u015fiddette depremlerin meydana geldi\u011finin kaydedildi\u011fini ve bunlar\u0131n bir g\u00f6stergesi oldu\u011funa dikkat \u00e7ekti.<\/p>\n<p>Ahmed Suriye&#8217;nin, kuzeyde Kuzey ve Do\u011fu Anadolu faylar\u0131n\u0131n birle\u015fti\u011fi yerde, g\u00fcneyde, Do\u011fu Akdeniz fay\u0131nda veya i\u015fgal alt\u0131ndaki Filistin&#8217;in kuzeyine do\u011fru g\u00fcneyde K\u0131z\u0131ldeniz fay\u0131nda olsun, genellikle b\u00fcy\u00fck, uzak depremlerden etkilendi\u011fini belirtti.<\/p>\n<p>\u0130skenderun b\u00f6lgesi bug\u00fcn \u015fafak vakti 7,7 b\u00fcy\u00fckl\u00fc\u011f\u00fcnde depremle sars\u0131ld\u0131, ard\u0131ndan Suriye-T\u00fcrkiye s\u0131n\u0131r\u0131ndaki Toroslar b\u00f6lgesinde 6,4 b\u00fcy\u00fckl\u00fc\u011f\u00fcnde bir deprem daha meydana geldi ve hasara ek olarak bir dizi daha zay\u0131f art\u00e7\u0131 deprem meydana geldi ve birka\u00e7 Suriye valili\u011fi etkilendi.<\/p>\n<p><a href=\"https:\/\/t.me\/SuriyeArapHaberAjansI\">Telegram Kanal\u0131m\u0131z\u00a0<\/a><\/p>\n<p><a href=\"https:\/\/www.facebook.com\/SANAHaberAjansi\/\">Facebook Sayfam\u0131z<\/a><\/p>\n","protected":false},"excerpt":{"rendered":"<p>\u015eAM &#8211; Ulusal Sismoloji Merkezi, bug\u00fcn \u015fafak vakti \u0130skenderun b\u00f6lgesini vuran ve Suriye&#8217;nin \u00e7ok say\u0131da vilayetini etkileyen deprem sonucu 08:36&#8217;ya kadar art\u00e7\u0131 sars\u0131nt\u0131 say\u0131s\u0131n\u0131n 15&#8217;e ula\u015ft\u0131\u011f\u0131n\u0131 duyurdu. Ulusal Sismoloji Merkezi Genel M\u00fcd\u00fcr\u00fc Dr. Raed Ahmed, SANA&#8217;ya yapt\u0131\u011f\u0131 a\u00e7\u0131klamada, art\u00e7\u0131 sars\u0131nt\u0131lar\u0131n meydana gelen depremden \u00e7ok daha zay\u0131f oldu\u011fu i\u00e7in vatanda\u015flara art\u00e7\u0131 sars\u0131nt\u0131larla ilgili g\u00fcvence vererek, Lazkiye, &hellip;<\/p>\n","protected":false},"author":1,"featured_media":273074,"comment_status":"closed","ping_status":"closed","sticky":false,"template":"","format":"standard","meta":{"footnotes":""},"categories":[479,17988,478],"tags":[],"class_list":["post-273073","post","type-post","status-publish","format-standard","has-post-thumbnail","","category-haberler-yerel","category-son-haberler","category-yerel"],"_links":{"self":[{"href":"https:\/\/archive.sana.sy\/tr\/index.php?rest_route=\/wp\/v2\/posts\/273073","targetHints":{"allow":["GET"]}}],"collection":[{"href":"https:\/\/archive.sana.sy\/tr\/index.php?rest_route=\/wp\/v2\/posts"}],"about":[{"href":"https:\/\/archive.sana.sy\/tr\/index.php?rest_route=\/wp\/v2\/types\/post"}],"author":[{"embeddable":true,"href":"https:\/\/archive.sana.sy\/tr\/index.php?rest_route=\/wp\/v2\/users\/1"}],"replies":[{"embeddable":true,"href":"https:\/\/archive.sana.sy\/tr\/index.php?rest_route=%2Fwp%2Fv2%2Fcomments&post=273073"}],"version-history":[{"count":0,"href":"https:\/\/archive.sana.sy\/tr\/index.php?rest_route=\/wp\/v2\/posts\/273073\/revisions"}],"wp:featuredmedia":[{"embeddable":true,"href":"https:\/\/archive.sana.sy\/tr\/index.php?rest_route=\/wp\/v2\/media\/273074"}],"wp:attachment":[{"href":"https:\/\/archive.sana.sy\/tr\/index.php?rest_route=%2Fwp%2Fv2%2Fmedia&parent=273073"}],"wp:term":[{"taxonomy":"category","embeddable":true,"href":"https:\/\/archive.sana.sy\/tr\/index.php?rest_route=%2Fwp%2Fv2%2Fcategories&post=273073"},{"taxonomy":"post_tag","embeddable":true,"href":"https:\/\/archive.sana.sy\/tr\/index.php?rest_route=%2Fwp%2Fv2%2Ftags&post=273073"}],"curies":[{"name":"wp","href":"https:\/\/api.w.org\/{rel}","templated":true}]}}