{"id":273080,"date":"2023-02-06T12:21:09","date_gmt":"2023-02-06T10:21:09","guid":{"rendered":"https:\/\/sana.sy\/tr\/?p=273080"},"modified":"2023-02-08T07:07:37","modified_gmt":"2023-02-08T05:07:37","slug":"seyh-muhamed-bin-zayid-al-nahyan-yikici-depremin-ardindan-devlet-baskani-esada-baenin-suriye-ile-destegini-ve-dayanismasini-belirtti","status":"publish","type":"post","link":"https:\/\/archive.sana.sy\/tr\/?p=273080","title":{"rendered":"\u015eeyh Muhamed Bin Zayid Al Nahyan, Y\u0131k\u0131c\u0131 Depremin Ard\u0131ndan Devlet Ba\u015fkan\u0131 Esad&#8217;a BAE&#8217;nin Suriye \u0130le Deste\u011fini Ve Dayan\u0131\u015fmas\u0131n\u0131 Belirtti"},"content":{"rendered":"<p><strong>\u015eAM<\/strong> \u2013 Birle\u015fik Arap Emirlikleri Devlet Ba\u015fkan\u0131\u00a0 \u015eeyh Muhamed bin Zayid Al Nheyan, y\u0131k\u0131c\u0131 deprem sonucunda, devlet ve halk olarak BAE&#8217;nin Suriye halk\u0131n\u0131n yan\u0131nda durdu\u011funu ve dayan\u0131\u015fmas\u0131n\u0131 dile getirdi.<\/p>\n<p>Birle\u015fik Arap Emirlikleri Devlet Ba\u015fkan\u0131 Esad ile yapt\u0131\u011f\u0131 telefon g\u00f6r\u00fc\u015fmesinde y\u00fczlerce kurban i\u00e7in en i\u00e7ten ba\u015fsa\u011fl\u0131\u011f\u0131 dileklerini dile getirerek, \u00fclkesinin Suriye halk\u0131na bu felaketin etkilerinin \u00fcstesinden gelmesine yard\u0131m etmeye tamamen haz\u0131r oldu\u011funu vurgulad\u0131.<\/p>\n<p><a href=\"https:\/\/t.me\/SuriyeArapHaberAjansI\">Telegram Kanal\u0131m\u0131z\u00a0<\/a><\/p>\n<p><a href=\"https:\/\/www.facebook.com\/SANAHaberAjansi\/\">Facebook Sayfam\u0131z<\/a><\/p>\n","protected":false},"excerpt":{"rendered":"<p>\u015eAM \u2013 Birle\u015fik Arap Emirlikleri Devlet Ba\u015fkan\u0131\u00a0 \u015eeyh Muhamed bin Zayid Al Nheyan, y\u0131k\u0131c\u0131 deprem sonucunda, devlet ve halk olarak BAE&#8217;nin Suriye halk\u0131n\u0131n yan\u0131nda durdu\u011funu ve dayan\u0131\u015fmas\u0131n\u0131 dile getirdi. Birle\u015fik Arap Emirlikleri Devlet Ba\u015fkan\u0131 Esad ile yapt\u0131\u011f\u0131 telefon g\u00f6r\u00fc\u015fmesinde y\u00fczlerce kurban i\u00e7in en i\u00e7ten ba\u015fsa\u011fl\u0131\u011f\u0131 dileklerini dile getirerek, \u00fclkesinin Suriye halk\u0131na bu felaketin etkilerinin \u00fcstesinden &hellip;<\/p>\n","protected":false},"author":39,"featured_media":273081,"comment_status":"closed","ping_status":"closed","sticky":false,"template":"","format":"standard","meta":{"footnotes":""},"categories":[479,17988,478],"tags":[],"class_list":["post-273080","post","type-post","status-publish","format-standard","has-post-thumbnail","","category-haberler-yerel","category-son-haberler","category-yerel"],"_links":{"self":[{"href":"https:\/\/archive.sana.sy\/tr\/index.php?rest_route=\/wp\/v2\/posts\/273080","targetHints":{"allow":["GET"]}}],"collection":[{"href":"https:\/\/archive.sana.sy\/tr\/index.php?rest_route=\/wp\/v2\/posts"}],"about":[{"href":"https:\/\/archive.sana.sy\/tr\/index.php?rest_route=\/wp\/v2\/types\/post"}],"author":[{"embeddable":true,"href":"https:\/\/archive.sana.sy\/tr\/index.php?rest_route=\/wp\/v2\/users\/39"}],"replies":[{"embeddable":true,"href":"https:\/\/archive.sana.sy\/tr\/index.php?rest_route=%2Fwp%2Fv2%2Fcomments&post=273080"}],"version-history":[{"count":0,"href":"https:\/\/archive.sana.sy\/tr\/index.php?rest_route=\/wp\/v2\/posts\/273080\/revisions"}],"wp:featuredmedia":[{"embeddable":true,"href":"https:\/\/archive.sana.sy\/tr\/index.php?rest_route=\/wp\/v2\/media\/273081"}],"wp:attachment":[{"href":"https:\/\/archive.sana.sy\/tr\/index.php?rest_route=%2Fwp%2Fv2%2Fmedia&parent=273080"}],"wp:term":[{"taxonomy":"category","embeddable":true,"href":"https:\/\/archive.sana.sy\/tr\/index.php?rest_route=%2Fwp%2Fv2%2Fcategories&post=273080"},{"taxonomy":"post_tag","embeddable":true,"href":"https:\/\/archive.sana.sy\/tr\/index.php?rest_route=%2Fwp%2Fv2%2Ftags&post=273080"}],"curies":[{"name":"wp","href":"https:\/\/api.w.org\/{rel}","templated":true}]}}