{"id":273084,"date":"2023-02-06T12:57:07","date_gmt":"2023-02-06T10:57:07","guid":{"rendered":"https:\/\/sana.sy\/tr\/?p=273084"},"modified":"2023-02-07T08:58:33","modified_gmt":"2023-02-07T06:58:33","slug":"iran-bugun-suriyeyi-vuran-depremde-hayatini-kaybedenlere-taziyelerini-sundu","status":"publish","type":"post","link":"https:\/\/archive.sana.sy\/tr\/?p=273084","title":{"rendered":"\u0130ran, Bug\u00fcn Suriye&#8217;yi Vuran Depremde Hayat\u0131n\u0131 Kaybedenlere Taziyelerini Sundu"},"content":{"rendered":"<p>TAHRAN &#8211; \u0130slami \u015eura Meclisi Ba\u015fkan\u0131 Muhammed Bak\u0131r Kalibaf, bug\u00fcn \u015fafak vakti Suriye&#8217;yi vuran ve y\u00fczlerce ki\u015finin hayat\u0131n\u0131 kaybetti\u011fi depremzedelere derin ba\u015fsa\u011fl\u0131\u011f\u0131 dileklerini iletti.<\/p>\n<p>\u0130slami \u015eura Meclisi&#8217;nin bug\u00fcnk\u00fc halka a\u00e7\u0131k oturumunda Kalibaf, depremde hayat\u0131n\u0131 kaybedeblere rahmet, ailelerine ve sevdiklerine sab\u0131r ve teselli ilham etmesini diledi.<\/p>\n<p>\u0130ran D\u0131\u015fi\u015fleri Bakanl\u0131\u011f\u0131 S\u00f6zc\u00fcs\u00fc Nas\u0131r Kanaani de bug\u00fcn d\u00fczenledi\u011fi haftal\u0131k bas\u0131n toplant\u0131s\u0131nda, bu faciadan duydu\u011fu derin \u00fcz\u00fcnt\u00fc ve esefini dile getirerek, bu ac\u0131 kazada hayat\u0131n\u0131 kaybedenlerin ailelerine ba\u015fsa\u011fl\u0131\u011f\u0131 ve ge\u00e7mi\u015f olsun dileklerini iletti, yaral\u0131lara acil \u015fifalar diledi.<\/p>\n<p>Bug\u00fcn \u015fafak vakti Suriye&#8217;yi vuran 7,7 derecelik deprem, y\u00fczlerce can kayb\u0131na ve \u00e7ok say\u0131da yaralanmaya, onlarca konutun y\u0131k\u0131lmas\u0131na ve \u00e7atlamas\u0131na neden oldu.<\/p>\n<p><a href=\"https:\/\/t.me\/SuriyeArapHaberAjansI\">Telegram Kanal\u0131m\u0131z\u00a0<\/a><\/p>\n<p><a href=\"https:\/\/www.facebook.com\/SANAHaberAjansi\/\">Facebook Sayfam\u0131z<\/a><\/p>\n","protected":false},"excerpt":{"rendered":"<p>TAHRAN &#8211; \u0130slami \u015eura Meclisi Ba\u015fkan\u0131 Muhammed Bak\u0131r Kalibaf, bug\u00fcn \u015fafak vakti Suriye&#8217;yi vuran ve y\u00fczlerce ki\u015finin hayat\u0131n\u0131 kaybetti\u011fi depremzedelere derin ba\u015fsa\u011fl\u0131\u011f\u0131 dileklerini iletti. \u0130slami \u015eura Meclisi&#8217;nin bug\u00fcnk\u00fc halka a\u00e7\u0131k oturumunda Kalibaf, depremde hayat\u0131n\u0131 kaybedeblere rahmet, ailelerine ve sevdiklerine sab\u0131r ve teselli ilham etmesini diledi. \u0130ran D\u0131\u015fi\u015fleri Bakanl\u0131\u011f\u0131 S\u00f6zc\u00fcs\u00fc Nas\u0131r Kanaani de bug\u00fcn d\u00fczenledi\u011fi haftal\u0131k &hellip;<\/p>\n","protected":false},"author":1,"featured_media":273085,"comment_status":"closed","ping_status":"closed","sticky":false,"template":"","format":"standard","meta":{"footnotes":""},"categories":[458,459,17988],"tags":[],"class_list":["post-273084","post","type-post","status-publish","format-standard","has-post-thumbnail","","category-dunya1","category-haberler-arap-uluslararasi-politika","category-son-haberler"],"_links":{"self":[{"href":"https:\/\/archive.sana.sy\/tr\/index.php?rest_route=\/wp\/v2\/posts\/273084","targetHints":{"allow":["GET"]}}],"collection":[{"href":"https:\/\/archive.sana.sy\/tr\/index.php?rest_route=\/wp\/v2\/posts"}],"about":[{"href":"https:\/\/archive.sana.sy\/tr\/index.php?rest_route=\/wp\/v2\/types\/post"}],"author":[{"embeddable":true,"href":"https:\/\/archive.sana.sy\/tr\/index.php?rest_route=\/wp\/v2\/users\/1"}],"replies":[{"embeddable":true,"href":"https:\/\/archive.sana.sy\/tr\/index.php?rest_route=%2Fwp%2Fv2%2Fcomments&post=273084"}],"version-history":[{"count":0,"href":"https:\/\/archive.sana.sy\/tr\/index.php?rest_route=\/wp\/v2\/posts\/273084\/revisions"}],"wp:featuredmedia":[{"embeddable":true,"href":"https:\/\/archive.sana.sy\/tr\/index.php?rest_route=\/wp\/v2\/media\/273085"}],"wp:attachment":[{"href":"https:\/\/archive.sana.sy\/tr\/index.php?rest_route=%2Fwp%2Fv2%2Fmedia&parent=273084"}],"wp:term":[{"taxonomy":"category","embeddable":true,"href":"https:\/\/archive.sana.sy\/tr\/index.php?rest_route=%2Fwp%2Fv2%2Fcategories&post=273084"},{"taxonomy":"post_tag","embeddable":true,"href":"https:\/\/archive.sana.sy\/tr\/index.php?rest_route=%2Fwp%2Fv2%2Ftags&post=273084"}],"curies":[{"name":"wp","href":"https:\/\/api.w.org\/{rel}","templated":true}]}}