{"id":273090,"date":"2023-02-06T12:30:34","date_gmt":"2023-02-06T10:30:34","guid":{"rendered":"https:\/\/sana.sy\/tr\/?p=273090"},"modified":"2023-02-07T09:05:02","modified_gmt":"2023-02-07T07:05:02","slug":"eski-eserler-ve-muzeler-genel-mudurlugu-on-raporlar-halep-hama-ve-tartusta-bazi-eski-eserlerin-hasar-gordugunu-gosterdi","status":"publish","type":"post","link":"https:\/\/archive.sana.sy\/tr\/?p=273090","title":{"rendered":"Eski Eserler ve M\u00fczeler Genel M\u00fcd\u00fcrl\u00fc\u011f\u00fc: \u00d6n Raporlar Halep, Hama Ve Tartus&#8217;ta Baz\u0131 Eski Eserlerin Hasar G\u00f6rd\u00fc\u011f\u00fcn\u00fc G\u00f6sterdi"},"content":{"rendered":"<p>\u015eAM &#8211; Eski Eserler ve M\u00fczeler Genel M\u00fcd\u00fcrl\u00fc\u011f\u00fc&#8217;n\u00fcn baz\u0131 valiliklerden ald\u0131\u011f\u0131 ilk raporlar, bu sabah meydana gelen deprem sonucunda baz\u0131 \u00f6ren yerlerinde hasar meydana geldi\u011fine i\u015faret etti.<\/p>\n<p>Et\u00fct \u00e7al\u0131\u015fmalar\u0131n\u0131n, hakim hava ko\u015fullar\u0131 nedeniyle daha fazla zamana ihtiya\u00e7 duymas\u0131 dikkat \u00e7ekiyor.<\/p>\n<p>&nbsp;<\/p>\n<p>&nbsp;<\/p>\n<p>R.M.<\/p>\n<p><a href=\"https:\/\/t.me\/SuriyeArapHaberAjansI\">Telegram Kanal\u0131m\u0131z\u00a0<\/a><\/p>\n<p><a href=\"https:\/\/www.facebook.com\/SANAHaberAjansi\/\">Facebook Sayfam\u0131z<\/a><\/p>\n","protected":false},"excerpt":{"rendered":"<p>\u015eAM &#8211; Eski Eserler ve M\u00fczeler Genel M\u00fcd\u00fcrl\u00fc\u011f\u00fc&#8217;n\u00fcn baz\u0131 valiliklerden ald\u0131\u011f\u0131 ilk raporlar, bu sabah meydana gelen deprem sonucunda baz\u0131 \u00f6ren yerlerinde hasar meydana geldi\u011fine i\u015faret etti. Et\u00fct \u00e7al\u0131\u015fmalar\u0131n\u0131n, hakim hava ko\u015fullar\u0131 nedeniyle daha fazla zamana ihtiya\u00e7 duymas\u0131 dikkat \u00e7ekiyor. &nbsp; &nbsp; R.M. Telegram Kanal\u0131m\u0131z\u00a0 Facebook Sayfam\u0131z<\/p>\n","protected":false},"author":41,"featured_media":273091,"comment_status":"closed","ping_status":"closed","sticky":false,"template":"","format":"standard","meta":{"footnotes":""},"categories":[479,17988,478],"tags":[],"class_list":["post-273090","post","type-post","status-publish","format-standard","has-post-thumbnail","","category-haberler-yerel","category-son-haberler","category-yerel"],"_links":{"self":[{"href":"https:\/\/archive.sana.sy\/tr\/index.php?rest_route=\/wp\/v2\/posts\/273090","targetHints":{"allow":["GET"]}}],"collection":[{"href":"https:\/\/archive.sana.sy\/tr\/index.php?rest_route=\/wp\/v2\/posts"}],"about":[{"href":"https:\/\/archive.sana.sy\/tr\/index.php?rest_route=\/wp\/v2\/types\/post"}],"author":[{"embeddable":true,"href":"https:\/\/archive.sana.sy\/tr\/index.php?rest_route=\/wp\/v2\/users\/41"}],"replies":[{"embeddable":true,"href":"https:\/\/archive.sana.sy\/tr\/index.php?rest_route=%2Fwp%2Fv2%2Fcomments&post=273090"}],"version-history":[{"count":0,"href":"https:\/\/archive.sana.sy\/tr\/index.php?rest_route=\/wp\/v2\/posts\/273090\/revisions"}],"wp:featuredmedia":[{"embeddable":true,"href":"https:\/\/archive.sana.sy\/tr\/index.php?rest_route=\/wp\/v2\/media\/273091"}],"wp:attachment":[{"href":"https:\/\/archive.sana.sy\/tr\/index.php?rest_route=%2Fwp%2Fv2%2Fmedia&parent=273090"}],"wp:term":[{"taxonomy":"category","embeddable":true,"href":"https:\/\/archive.sana.sy\/tr\/index.php?rest_route=%2Fwp%2Fv2%2Fcategories&post=273090"},{"taxonomy":"post_tag","embeddable":true,"href":"https:\/\/archive.sana.sy\/tr\/index.php?rest_route=%2Fwp%2Fv2%2Ftags&post=273090"}],"curies":[{"name":"wp","href":"https:\/\/api.w.org\/{rel}","templated":true}]}}