{"id":273097,"date":"2023-02-06T13:48:42","date_gmt":"2023-02-06T11:48:42","guid":{"rendered":"https:\/\/sana.sy\/tr\/?p=273097"},"modified":"2023-02-07T08:58:59","modified_gmt":"2023-02-07T06:58:59","slug":"umman-sultanligi-deprem-nedeniyle-suriye-ile-dayanismasini-ifade-etti","status":"publish","type":"post","link":"https:\/\/archive.sana.sy\/tr\/?p=273097","title":{"rendered":"Umman Sultanl\u0131\u011f\u0131, Deprem Nedeniyle Suriye \u0130le Dayan\u0131\u015fmas\u0131n\u0131 \u0130fade Etti"},"content":{"rendered":"<p><strong>MASKAT<\/strong> &#8211; Umman Sultanl\u0131\u011f\u0131, bug\u00fcn sabaha kar\u015f\u0131 meydana gelen y\u0131k\u0131c\u0131 depremin ard\u0131ndan Suriye h\u00fck\u00fcmeti ve halk\u0131yla dayan\u0131\u015fma i\u00e7inde oldu\u011funu ifade etti.<\/p>\n<p>Umman D\u0131\u015fi\u015fleri Bakanl\u0131\u011f\u0131 bug\u00fcn yapt\u0131\u011f\u0131 a\u00e7\u0131klamada, \u2018\u2019Umman Sultanl\u0131\u011f\u0131, bug\u00fcn sabaha kar\u015f\u0131 meydana gelen y\u0131k\u0131c\u0131 depremde karde\u015f Suriye Arap Cumhuriyeti&#8217;ne, hayat\u0131n\u0131 kaybedenlerin ailelerine ve Suriye halk\u0131na en i\u00e7ten taziyelerini ve dayan\u0131\u015fmas\u0131n\u0131 ifade ediyor ve yaral\u0131lara acil \u015fifalar diliyor\u2019\u2019 dedi.<\/p>\n<p>&nbsp;<\/p>\n<p>R.M.<\/p>\n<p><a href=\"https:\/\/t.me\/SuriyeArapHaberAjansI\">Telegram Kanal\u0131m\u0131z\u00a0<\/a><\/p>\n<p><a href=\"https:\/\/www.facebook.com\/SANAHaberAjansi\/\">Facebook Sayfam\u0131z<\/a><\/p>\n","protected":false},"excerpt":{"rendered":"<p>MASKAT &#8211; Umman Sultanl\u0131\u011f\u0131, bug\u00fcn sabaha kar\u015f\u0131 meydana gelen y\u0131k\u0131c\u0131 depremin ard\u0131ndan Suriye h\u00fck\u00fcmeti ve halk\u0131yla dayan\u0131\u015fma i\u00e7inde oldu\u011funu ifade etti. Umman D\u0131\u015fi\u015fleri Bakanl\u0131\u011f\u0131 bug\u00fcn yapt\u0131\u011f\u0131 a\u00e7\u0131klamada, \u2018\u2019Umman Sultanl\u0131\u011f\u0131, bug\u00fcn sabaha kar\u015f\u0131 meydana gelen y\u0131k\u0131c\u0131 depremde karde\u015f Suriye Arap Cumhuriyeti&#8217;ne, hayat\u0131n\u0131 kaybedenlerin ailelerine ve Suriye halk\u0131na en i\u00e7ten taziyelerini ve dayan\u0131\u015fmas\u0131n\u0131 ifade ediyor ve yaral\u0131lara &hellip;<\/p>\n","protected":false},"author":41,"featured_media":273098,"comment_status":"closed","ping_status":"closed","sticky":false,"template":"","format":"standard","meta":{"footnotes":""},"categories":[458,459,17988],"tags":[],"class_list":["post-273097","post","type-post","status-publish","format-standard","has-post-thumbnail","","category-dunya1","category-haberler-arap-uluslararasi-politika","category-son-haberler"],"_links":{"self":[{"href":"https:\/\/archive.sana.sy\/tr\/index.php?rest_route=\/wp\/v2\/posts\/273097","targetHints":{"allow":["GET"]}}],"collection":[{"href":"https:\/\/archive.sana.sy\/tr\/index.php?rest_route=\/wp\/v2\/posts"}],"about":[{"href":"https:\/\/archive.sana.sy\/tr\/index.php?rest_route=\/wp\/v2\/types\/post"}],"author":[{"embeddable":true,"href":"https:\/\/archive.sana.sy\/tr\/index.php?rest_route=\/wp\/v2\/users\/41"}],"replies":[{"embeddable":true,"href":"https:\/\/archive.sana.sy\/tr\/index.php?rest_route=%2Fwp%2Fv2%2Fcomments&post=273097"}],"version-history":[{"count":0,"href":"https:\/\/archive.sana.sy\/tr\/index.php?rest_route=\/wp\/v2\/posts\/273097\/revisions"}],"wp:featuredmedia":[{"embeddable":true,"href":"https:\/\/archive.sana.sy\/tr\/index.php?rest_route=\/wp\/v2\/media\/273098"}],"wp:attachment":[{"href":"https:\/\/archive.sana.sy\/tr\/index.php?rest_route=%2Fwp%2Fv2%2Fmedia&parent=273097"}],"wp:term":[{"taxonomy":"category","embeddable":true,"href":"https:\/\/archive.sana.sy\/tr\/index.php?rest_route=%2Fwp%2Fv2%2Fcategories&post=273097"},{"taxonomy":"post_tag","embeddable":true,"href":"https:\/\/archive.sana.sy\/tr\/index.php?rest_route=%2Fwp%2Fv2%2Ftags&post=273097"}],"curies":[{"name":"wp","href":"https:\/\/api.w.org\/{rel}","templated":true}]}}