{"id":273100,"date":"2023-02-06T13:54:27","date_gmt":"2023-02-06T11:54:27","guid":{"rendered":"https:\/\/sana.sy\/tr\/?p=273100"},"modified":"2023-02-06T13:54:49","modified_gmt":"2023-02-06T11:54:49","slug":"cumhurbaskani-esad-deprem-hasarini-ve-gerekli-onlemleri-gorusmek-uzere-bakanlar-kurulunun-olaganustu-toplantisina-baskanlik-etti","status":"publish","type":"post","link":"https:\/\/archive.sana.sy\/tr\/?p=273100","title":{"rendered":"Cumhurba\u015fkan\u0131 Esad, Deprem Hasar\u0131n\u0131 Ve Gerekli \u00d6nlemleri G\u00f6r\u00fc\u015fmek \u00dczere Bakanlar Kurulunun Ola\u011fan\u00fcst\u00fc Toplant\u0131s\u0131na Ba\u015fkanl\u0131k Etti"},"content":{"rendered":"<p><iframe loading=\"lazy\" title=\"\u0627\u0644\u0631\u0626\u064a\u0633 \u0627\u0644\u0623\u0633\u062f \u064a\u062a\u0631\u0623\u0633 \u0627\u062c\u062a\u0645\u0627\u0639\u0627\u064b \u0637\u0627\u0631\u0626\u0627\u064b \u0644\u0645\u062c\u0644\u0633 \u0627\u0644\u0648\u0632\u0631\u0627\u0621 \u0644\u0628\u062d\u062b \u0623\u0636\u0631\u0627\u0631 \u0627\u0644\u0632\u0644\u0632\u0627\u0644 \u0648\u0627\u0644\u0625\u062c\u0631\u0627\u0621\u0627\u062a \u0627\u0644\u0644\u0627\u0632\u0645\u0629\" width=\"618\" height=\"348\" src=\"https:\/\/www.youtube.com\/embed\/CVCROkpvg-Y?start=7&#038;feature=oembed\" frameborder=\"0\" allow=\"accelerometer; autoplay; clipboard-write; encrypted-media; gyroscope; picture-in-picture; web-share\" referrerpolicy=\"strict-origin-when-cross-origin\" allowfullscreen><\/iframe><\/p>\n","protected":false},"excerpt":{"rendered":"","protected":false},"author":41,"featured_media":273102,"comment_status":"closed","ping_status":"closed","sticky":false,"template":"","format":"standard","meta":{"footnotes":""},"categories":[18295],"tags":[],"class_list":["post-273100","post","type-post","status-publish","format-standard","has-post-thumbnail","","category-sana-video"],"_links":{"self":[{"href":"https:\/\/archive.sana.sy\/tr\/index.php?rest_route=\/wp\/v2\/posts\/273100","targetHints":{"allow":["GET"]}}],"collection":[{"href":"https:\/\/archive.sana.sy\/tr\/index.php?rest_route=\/wp\/v2\/posts"}],"about":[{"href":"https:\/\/archive.sana.sy\/tr\/index.php?rest_route=\/wp\/v2\/types\/post"}],"author":[{"embeddable":true,"href":"https:\/\/archive.sana.sy\/tr\/index.php?rest_route=\/wp\/v2\/users\/41"}],"replies":[{"embeddable":true,"href":"https:\/\/archive.sana.sy\/tr\/index.php?rest_route=%2Fwp%2Fv2%2Fcomments&post=273100"}],"version-history":[{"count":0,"href":"https:\/\/archive.sana.sy\/tr\/index.php?rest_route=\/wp\/v2\/posts\/273100\/revisions"}],"wp:featuredmedia":[{"embeddable":true,"href":"https:\/\/archive.sana.sy\/tr\/index.php?rest_route=\/wp\/v2\/media\/273102"}],"wp:attachment":[{"href":"https:\/\/archive.sana.sy\/tr\/index.php?rest_route=%2Fwp%2Fv2%2Fmedia&parent=273100"}],"wp:term":[{"taxonomy":"category","embeddable":true,"href":"https:\/\/archive.sana.sy\/tr\/index.php?rest_route=%2Fwp%2Fv2%2Fcategories&post=273100"},{"taxonomy":"post_tag","embeddable":true,"href":"https:\/\/archive.sana.sy\/tr\/index.php?rest_route=%2Fwp%2Fv2%2Ftags&post=273100"}],"curies":[{"name":"wp","href":"https:\/\/api.w.org\/{rel}","templated":true}]}}