{"id":273122,"date":"2023-02-06T13:00:49","date_gmt":"2023-02-06T11:00:49","guid":{"rendered":"https:\/\/sana.sy\/tr\/?p=273122"},"modified":"2023-02-07T08:58:38","modified_gmt":"2023-02-07T06:58:38","slug":"lubnan-deprem-nedeniyle-suriye-ile-tam-dayanismasini-ifade-etti","status":"publish","type":"post","link":"https:\/\/archive.sana.sy\/tr\/?p=273122","title":{"rendered":"L\u00fcbnan, Deprem Nedeniyle Suriye \u0130le Tam Dayan\u0131\u015fmas\u0131n\u0131 \u0130fade Etti"},"content":{"rendered":"<p><strong>BEYRUT<\/strong> &#8211; L\u00fcbnan D\u0131\u015fi\u015fleri ve Gurbe\u00e7iler Bakanl\u0131\u011f\u0131, bug\u00fcn sabaha kar\u015f\u0131 Suriye&#8217;yi vuran, y\u00fczlerce konut binas\u0131n\u0131n \u00e7\u00f6kmesine ve \u00e7atlamas\u0131na ek olarak y\u00fczlerce kurban ve \u00e7ok say\u0131da yaral\u0131 b\u0131rakan b\u00fcy\u00fck depremin neden oldu\u011fu felaketle ilgili olarak karde\u015f Suriye Arap Cumhuriyeti&#8217;ne derin sempati ve dayan\u0131\u015fmas\u0131n\u0131 dile getirdi.<\/p>\n<p>Bakanl\u0131k yapt\u0131\u011f\u0131 a\u00e7\u0131klamada, Suriye h\u00fck\u00fcmeti ve halk\u0131 ile kurbanlar\u0131n ailelerine en derin taziyelerini sunarken, yaral\u0131lara acil \u015fifalar diledi.<\/p>\n<p>Bakanl\u0131k, L\u00fcbnan&#8217;\u0131n bu depremin yans\u0131malar\u0131 kar\u015f\u0131s\u0131nda Suriye&#8217;ye yard\u0131m eli uzatmaya haz\u0131r oldu\u011funu ifade etti.<\/p>\n<p>&nbsp;<\/p>\n<p>R.M.<\/p>\n<p><a href=\"https:\/\/t.me\/SuriyeArapHaberAjansI\">Telegram Kanal\u0131m\u0131z\u00a0<\/a><\/p>\n<p><a href=\"https:\/\/www.facebook.com\/SANAHaberAjansi\/\">Facebook Sayfam\u0131z<\/a><\/p>\n","protected":false},"excerpt":{"rendered":"<p>BEYRUT &#8211; L\u00fcbnan D\u0131\u015fi\u015fleri ve Gurbe\u00e7iler Bakanl\u0131\u011f\u0131, bug\u00fcn sabaha kar\u015f\u0131 Suriye&#8217;yi vuran, y\u00fczlerce konut binas\u0131n\u0131n \u00e7\u00f6kmesine ve \u00e7atlamas\u0131na ek olarak y\u00fczlerce kurban ve \u00e7ok say\u0131da yaral\u0131 b\u0131rakan b\u00fcy\u00fck depremin neden oldu\u011fu felaketle ilgili olarak karde\u015f Suriye Arap Cumhuriyeti&#8217;ne derin sempati ve dayan\u0131\u015fmas\u0131n\u0131 dile getirdi. Bakanl\u0131k yapt\u0131\u011f\u0131 a\u00e7\u0131klamada, Suriye h\u00fck\u00fcmeti ve halk\u0131 ile kurbanlar\u0131n ailelerine en &hellip;<\/p>\n","protected":false},"author":41,"featured_media":273124,"comment_status":"closed","ping_status":"closed","sticky":false,"template":"","format":"standard","meta":{"footnotes":""},"categories":[458,459,17988],"tags":[],"class_list":["post-273122","post","type-post","status-publish","format-standard","has-post-thumbnail","","category-dunya1","category-haberler-arap-uluslararasi-politika","category-son-haberler"],"_links":{"self":[{"href":"https:\/\/archive.sana.sy\/tr\/index.php?rest_route=\/wp\/v2\/posts\/273122","targetHints":{"allow":["GET"]}}],"collection":[{"href":"https:\/\/archive.sana.sy\/tr\/index.php?rest_route=\/wp\/v2\/posts"}],"about":[{"href":"https:\/\/archive.sana.sy\/tr\/index.php?rest_route=\/wp\/v2\/types\/post"}],"author":[{"embeddable":true,"href":"https:\/\/archive.sana.sy\/tr\/index.php?rest_route=\/wp\/v2\/users\/41"}],"replies":[{"embeddable":true,"href":"https:\/\/archive.sana.sy\/tr\/index.php?rest_route=%2Fwp%2Fv2%2Fcomments&post=273122"}],"version-history":[{"count":0,"href":"https:\/\/archive.sana.sy\/tr\/index.php?rest_route=\/wp\/v2\/posts\/273122\/revisions"}],"wp:featuredmedia":[{"embeddable":true,"href":"https:\/\/archive.sana.sy\/tr\/index.php?rest_route=\/wp\/v2\/media\/273124"}],"wp:attachment":[{"href":"https:\/\/archive.sana.sy\/tr\/index.php?rest_route=%2Fwp%2Fv2%2Fmedia&parent=273122"}],"wp:term":[{"taxonomy":"category","embeddable":true,"href":"https:\/\/archive.sana.sy\/tr\/index.php?rest_route=%2Fwp%2Fv2%2Fcategories&post=273122"},{"taxonomy":"post_tag","embeddable":true,"href":"https:\/\/archive.sana.sy\/tr\/index.php?rest_route=%2Fwp%2Fv2%2Ftags&post=273122"}],"curies":[{"name":"wp","href":"https:\/\/api.w.org\/{rel}","templated":true}]}}