{"id":27317,"date":"2015-03-23T12:16:01","date_gmt":"2015-03-23T10:16:01","guid":{"rendered":"http:\/\/www.sana.sy\/tr\/?p=27317"},"modified":"2015-03-23T12:16:01","modified_gmt":"2015-03-23T10:16:01","slug":"askeri-kaynak-ordu-birliklerimizin-idlib-kirsali-el-habit-tel-denit-feylun-kefarcalis-deyr-sunbul-ve-beylunda-cok-sayida-teroristi-oldurduklerini-araclarini-da-imha-ettiklerini-belirtti","status":"publish","type":"post","link":"https:\/\/archive.sana.sy\/tr\/?p=27317","title":{"rendered":"Askeri kaynak, ordu birliklerimizin \u0130dlib k\u0131rsal\u0131 el Habit, Tel Denit, Feylun, Kefarcalis, Deyr Sunbul ve Beylun\u2019da \u00e7ok say\u0131da ter\u00f6risti \u00f6ld\u00fcrd\u00fcklerini ara\u00e7lar\u0131n\u0131 da imha ettiklerini belirtti."},"content":{"rendered":"<p>Askeri kaynak, ordu birliklerimizin \u0130dlib k\u0131rsal\u0131 el Habit, Tel Denit, Feylun, Kefarcalis, Deyr Sunbul ve Beylun\u2019da \u00e7ok say\u0131da ter\u00f6risti \u00f6ld\u00fcrd\u00fcklerini ara\u00e7lar\u0131n\u0131 da imha ettiklerini belirtti.<\/p>\n","protected":false},"excerpt":{"rendered":"<p>Askeri kaynak, ordu birliklerimizin \u0130dlib k\u0131rsal\u0131 el Habit, Tel Denit, Feylun, Kefarcalis, Deyr Sunbul ve Beylun\u2019da \u00e7ok say\u0131da ter\u00f6risti \u00f6ld\u00fcrd\u00fcklerini ara\u00e7lar\u0131n\u0131 da imha ettiklerini belirtti.<\/p>\n","protected":false},"author":1,"featured_media":0,"comment_status":"closed","ping_status":"closed","sticky":false,"template":"","format":"standard","meta":{"footnotes":""},"categories":[1],"tags":[1031,12828,4668,12827,12826,12459],"class_list":["post-27317","post","type-post","status-publish","format-standard","","category-news-not-sorted","tag-askeri-kaynak","tag-deyr-sunbul-ve-beylunda-cok-sayida-teroristi-oldurduklerini-araclarini-da-imha-ettiklerini-belirtti","tag-feylun","tag-kefarcalis","tag-ordu-birliklerimizin-idlib-kirsali-el-habit","tag-tel-denit"],"_links":{"self":[{"href":"https:\/\/archive.sana.sy\/tr\/index.php?rest_route=\/wp\/v2\/posts\/27317","targetHints":{"allow":["GET"]}}],"collection":[{"href":"https:\/\/archive.sana.sy\/tr\/index.php?rest_route=\/wp\/v2\/posts"}],"about":[{"href":"https:\/\/archive.sana.sy\/tr\/index.php?rest_route=\/wp\/v2\/types\/post"}],"author":[{"embeddable":true,"href":"https:\/\/archive.sana.sy\/tr\/index.php?rest_route=\/wp\/v2\/users\/1"}],"replies":[{"embeddable":true,"href":"https:\/\/archive.sana.sy\/tr\/index.php?rest_route=%2Fwp%2Fv2%2Fcomments&post=27317"}],"version-history":[{"count":0,"href":"https:\/\/archive.sana.sy\/tr\/index.php?rest_route=\/wp\/v2\/posts\/27317\/revisions"}],"wp:attachment":[{"href":"https:\/\/archive.sana.sy\/tr\/index.php?rest_route=%2Fwp%2Fv2%2Fmedia&parent=27317"}],"wp:term":[{"taxonomy":"category","embeddable":true,"href":"https:\/\/archive.sana.sy\/tr\/index.php?rest_route=%2Fwp%2Fv2%2Fcategories&post=27317"},{"taxonomy":"post_tag","embeddable":true,"href":"https:\/\/archive.sana.sy\/tr\/index.php?rest_route=%2Fwp%2Fv2%2Ftags&post=27317"}],"curies":[{"name":"wp","href":"https:\/\/api.w.org\/{rel}","templated":true}]}}