{"id":27319,"date":"2015-03-23T12:27:23","date_gmt":"2015-03-23T10:27:23","guid":{"rendered":"http:\/\/www.sana.sy\/tr\/?p=27319"},"modified":"2015-03-24T08:40:25","modified_gmt":"2015-03-24T06:40:25","slug":"gecici-ikamet-merkezinde-cikan-yangin-sonduruldu","status":"publish","type":"post","link":"https:\/\/archive.sana.sy\/tr\/?p=27319","title":{"rendered":"Ge\u00e7ici \u0130kamet Merkezinde \u00c7\u0131kan Yang\u0131n S\u00f6nd\u00fcr\u00fcld\u00fc"},"content":{"rendered":"<p>\u015eAM \u2013 \u015eam Kassaa Semtinde bu sabah bir ge\u00e7ici ikamet merkezinde \u00e7\u0131kan yang\u0131n \u0130tfaiye ekipleri taraf\u0131ndan s\u00f6nd\u00fcr\u00fcld\u00fc.<\/p>\n<p>\u0130tfaiye ekip m\u00fcd\u00fcr\u00fc Abdulhadi Dahir, yang\u0131n\u0131n Kassa semti Bab el Salam\u2019daki el Fetih \u0130slami Merkezi\u2019nin ge\u00e7ici ikamet b\u00f6l\u00fcm\u00fcnde mutfakgaz\u0131 t\u00fcp\u00fcnden s\u0131zan gaz\u0131n alev almas\u0131 sonucunda \u00e7\u0131kt\u0131\u011f\u0131n\u0131 s\u00f6yledi.<\/p>\n<p>Yang\u0131n\u0131n yan odalara s\u0131\u00e7ramadan itfaiye ekibi taraf\u0131ndan kontrol alt\u0131na al\u0131nd\u0131\u011f\u0131n\u0131 belirten Dahir; can kayb\u0131n\u0131n olmad\u0131\u011f\u0131 yang\u0131n\u0131n sadece baz\u0131 odalarda \u00a0maddi hasarlarla s\u0131n\u0131rl\u0131 kald\u0131\u011f\u0131n\u0131 ifade etti.<\/p>\n<p>S.\u015e<\/p>\n","protected":false},"excerpt":{"rendered":"<p>\u015eAM \u2013 \u015eam Kassaa Semtinde bu sabah bir ge\u00e7ici ikamet merkezinde \u00e7\u0131kan yang\u0131n \u0130tfaiye ekipleri taraf\u0131ndan s\u00f6nd\u00fcr\u00fcld\u00fc. \u0130tfaiye ekip m\u00fcd\u00fcr\u00fc Abdulhadi Dahir, yang\u0131n\u0131n Kassa semti Bab el Salam\u2019daki el Fetih \u0130slami Merkezi\u2019nin ge\u00e7ici ikamet b\u00f6l\u00fcm\u00fcnde mutfakgaz\u0131 t\u00fcp\u00fcnden s\u0131zan gaz\u0131n alev almas\u0131 sonucunda \u00e7\u0131kt\u0131\u011f\u0131n\u0131 s\u00f6yledi. Yang\u0131n\u0131n yan odalara s\u0131\u00e7ramadan itfaiye ekibi taraf\u0131ndan kontrol alt\u0131na al\u0131nd\u0131\u011f\u0131n\u0131 belirten &hellip;<\/p>\n","protected":false},"author":1,"featured_media":27330,"comment_status":"closed","ping_status":"closed","sticky":false,"template":"","format":"standard","meta":{"footnotes":""},"categories":[479,478],"tags":[12829],"class_list":["post-27319","post","type-post","status-publish","format-standard","has-post-thumbnail","","category-haberler-yerel","category-yerel","tag-gecici-ikamet-merkezinde-cikan-yangin-sonduruldu"],"_links":{"self":[{"href":"https:\/\/archive.sana.sy\/tr\/index.php?rest_route=\/wp\/v2\/posts\/27319","targetHints":{"allow":["GET"]}}],"collection":[{"href":"https:\/\/archive.sana.sy\/tr\/index.php?rest_route=\/wp\/v2\/posts"}],"about":[{"href":"https:\/\/archive.sana.sy\/tr\/index.php?rest_route=\/wp\/v2\/types\/post"}],"author":[{"embeddable":true,"href":"https:\/\/archive.sana.sy\/tr\/index.php?rest_route=\/wp\/v2\/users\/1"}],"replies":[{"embeddable":true,"href":"https:\/\/archive.sana.sy\/tr\/index.php?rest_route=%2Fwp%2Fv2%2Fcomments&post=27319"}],"version-history":[{"count":0,"href":"https:\/\/archive.sana.sy\/tr\/index.php?rest_route=\/wp\/v2\/posts\/27319\/revisions"}],"wp:featuredmedia":[{"embeddable":true,"href":"https:\/\/archive.sana.sy\/tr\/index.php?rest_route=\/wp\/v2\/media\/27330"}],"wp:attachment":[{"href":"https:\/\/archive.sana.sy\/tr\/index.php?rest_route=%2Fwp%2Fv2%2Fmedia&parent=27319"}],"wp:term":[{"taxonomy":"category","embeddable":true,"href":"https:\/\/archive.sana.sy\/tr\/index.php?rest_route=%2Fwp%2Fv2%2Fcategories&post=27319"},{"taxonomy":"post_tag","embeddable":true,"href":"https:\/\/archive.sana.sy\/tr\/index.php?rest_route=%2Fwp%2Fv2%2Ftags&post=27319"}],"curies":[{"name":"wp","href":"https:\/\/api.w.org\/{rel}","templated":true}]}}