{"id":273203,"date":"2023-02-07T10:50:28","date_gmt":"2023-02-07T08:50:28","guid":{"rendered":"https:\/\/sana.sy\/tr\/?p=273203"},"modified":"2023-02-08T07:08:34","modified_gmt":"2023-02-08T05:08:34","slug":"cezayir-depremzedeleri-kurtarma-operasyonlarina-katilmak-uzere-suriyeye-bir-sivil-koruma-ekibi-gonderdi","status":"publish","type":"post","link":"https:\/\/archive.sana.sy\/tr\/?p=273203","title":{"rendered":"Cezayir, Depremzedeleri Kurtarma Operasyonlar\u0131na Kat\u0131lmak \u00dczere Suriye&#8217;ye Bir Sivil Koruma Ekibi G\u00f6nderdi"},"content":{"rendered":"<p><strong>CEZAY\u0130R<\/strong> \u2013 Cezayir, d\u00fcn sabah saatlerinde meydana gelen ve y\u00fczlerce ki\u015finin hayat\u0131n\u0131 kaybetti\u011fi depremin kurbanlar\u0131n\u0131 kurtarma operasyonlar\u0131na kat\u0131lmak \u00fczere Suriye&#8217;ye bir sivil koruma ekibinin g\u00f6nderildi\u011fini ilan etti.<\/p>\n<p>Cezayir gazetesi AN NAHAR, Cumhurba\u015fkan\u0131 Abdelmadjid Tebboune&#8217;nin rehberli\u011finde, sivil Savunma&#8217;ya ba\u011fl\u0131 86 ki\u015filik ekip, kurtarma operasyonlar\u0131na kat\u0131lmak \u00fczere Suriye&#8217;ye gitmek \u00fczere olu\u015fturuldu\u011funu belirtti.<\/p>\n<p><a href=\"https:\/\/t.me\/SuriyeArapHaberAjansI\">Telegram Kanal\u0131m\u0131z\u00a0<\/a><\/p>\n<p><a href=\"https:\/\/www.facebook.com\/SANAHaberAjansi\/\">Facebook Sayfam\u0131z<\/a><\/p>\n","protected":false},"excerpt":{"rendered":"<p>CEZAY\u0130R \u2013 Cezayir, d\u00fcn sabah saatlerinde meydana gelen ve y\u00fczlerce ki\u015finin hayat\u0131n\u0131 kaybetti\u011fi depremin kurbanlar\u0131n\u0131 kurtarma operasyonlar\u0131na kat\u0131lmak \u00fczere Suriye&#8217;ye bir sivil koruma ekibinin g\u00f6nderildi\u011fini ilan etti. Cezayir gazetesi AN NAHAR, Cumhurba\u015fkan\u0131 Abdelmadjid Tebboune&#8217;nin rehberli\u011finde, sivil Savunma&#8217;ya ba\u011fl\u0131 86 ki\u015filik ekip, kurtarma operasyonlar\u0131na kat\u0131lmak \u00fczere Suriye&#8217;ye gitmek \u00fczere olu\u015fturuldu\u011funu belirtti. Telegram Kanal\u0131m\u0131z\u00a0 Facebook Sayfam\u0131z<\/p>\n","protected":false},"author":39,"featured_media":273204,"comment_status":"closed","ping_status":"closed","sticky":false,"template":"","format":"standard","meta":{"footnotes":""},"categories":[458,459,17988],"tags":[],"class_list":["post-273203","post","type-post","status-publish","format-standard","has-post-thumbnail","","category-dunya1","category-haberler-arap-uluslararasi-politika","category-son-haberler"],"_links":{"self":[{"href":"https:\/\/archive.sana.sy\/tr\/index.php?rest_route=\/wp\/v2\/posts\/273203","targetHints":{"allow":["GET"]}}],"collection":[{"href":"https:\/\/archive.sana.sy\/tr\/index.php?rest_route=\/wp\/v2\/posts"}],"about":[{"href":"https:\/\/archive.sana.sy\/tr\/index.php?rest_route=\/wp\/v2\/types\/post"}],"author":[{"embeddable":true,"href":"https:\/\/archive.sana.sy\/tr\/index.php?rest_route=\/wp\/v2\/users\/39"}],"replies":[{"embeddable":true,"href":"https:\/\/archive.sana.sy\/tr\/index.php?rest_route=%2Fwp%2Fv2%2Fcomments&post=273203"}],"version-history":[{"count":0,"href":"https:\/\/archive.sana.sy\/tr\/index.php?rest_route=\/wp\/v2\/posts\/273203\/revisions"}],"wp:featuredmedia":[{"embeddable":true,"href":"https:\/\/archive.sana.sy\/tr\/index.php?rest_route=\/wp\/v2\/media\/273204"}],"wp:attachment":[{"href":"https:\/\/archive.sana.sy\/tr\/index.php?rest_route=%2Fwp%2Fv2%2Fmedia&parent=273203"}],"wp:term":[{"taxonomy":"category","embeddable":true,"href":"https:\/\/archive.sana.sy\/tr\/index.php?rest_route=%2Fwp%2Fv2%2Fcategories&post=273203"},{"taxonomy":"post_tag","embeddable":true,"href":"https:\/\/archive.sana.sy\/tr\/index.php?rest_route=%2Fwp%2Fv2%2Ftags&post=273203"}],"curies":[{"name":"wp","href":"https:\/\/api.w.org\/{rel}","templated":true}]}}