{"id":273206,"date":"2023-02-07T11:11:37","date_gmt":"2023-02-07T09:11:37","guid":{"rendered":"https:\/\/sana.sy\/tr\/?p=273206"},"modified":"2023-02-08T07:08:39","modified_gmt":"2023-02-08T05:08:39","slug":"lubnan-ordusu-depremzedelerin-kurtarilmasina-yardimci-olmak-icin-muhendislik-alayi-uyelerini-suriyeye-gonderdi","status":"publish","type":"post","link":"https:\/\/archive.sana.sy\/tr\/?p=273206","title":{"rendered":"L\u00fcbnan Ordusu, Depremzedelerin Kurtar\u0131lmas\u0131na Yard\u0131mc\u0131 Olmak I\u00e7in M\u00fchendislik Alay\u0131 \u00dcyelerini Suriye&#8217;ye G\u00f6nderdi"},"content":{"rendered":"<p><strong>BEYRUT<\/strong> \u2013 L\u00fcbnan ordusu, d\u00fcn \u015fafak vakti vuran ve y\u00fczlerce ki\u015finin d\u00fc\u015fmesine neden olan depremden etkilenenlerin kurtar\u0131lmas\u0131 \u00e7al\u0131\u015fmalar\u0131na katk\u0131da bulunmak \u00fczere m\u00fchendislik alay\u0131 \u00dcyelerini Suriye&#8217;ye g\u00f6nderece\u011fini bug\u00fcn ilan etti.<\/p>\n<p>L\u00fcbnan ordusu, Twitter hesab\u0131ndan yapt\u0131\u011f\u0131 a\u00e7\u0131klamada, &#8220;Arama kurtarma \u00e7al\u0131\u015fmalar\u0131na katk\u0131da bulunmak \u00fczere m\u00fchendislik alay\u0131ndan 15 ki\u015fiyi Suriye Arap Cumhuriyeti&#8217;ne g\u00f6nderecek&#8221; belirtti.<\/p>\n<p><a href=\"https:\/\/t.me\/SuriyeArapHaberAjansI\">Telegram Kanal\u0131m\u0131z\u00a0<\/a><\/p>\n<p><a href=\"https:\/\/www.facebook.com\/SANAHaberAjansi\/\">Facebook Sayfam\u0131z<\/a><\/p>\n","protected":false},"excerpt":{"rendered":"<p>BEYRUT \u2013 L\u00fcbnan ordusu, d\u00fcn \u015fafak vakti vuran ve y\u00fczlerce ki\u015finin d\u00fc\u015fmesine neden olan depremden etkilenenlerin kurtar\u0131lmas\u0131 \u00e7al\u0131\u015fmalar\u0131na katk\u0131da bulunmak \u00fczere m\u00fchendislik alay\u0131 \u00dcyelerini Suriye&#8217;ye g\u00f6nderece\u011fini bug\u00fcn ilan etti. L\u00fcbnan ordusu, Twitter hesab\u0131ndan yapt\u0131\u011f\u0131 a\u00e7\u0131klamada, &#8220;Arama kurtarma \u00e7al\u0131\u015fmalar\u0131na katk\u0131da bulunmak \u00fczere m\u00fchendislik alay\u0131ndan 15 ki\u015fiyi Suriye Arap Cumhuriyeti&#8217;ne g\u00f6nderecek&#8221; belirtti. Telegram Kanal\u0131m\u0131z\u00a0 Facebook Sayfam\u0131z<\/p>\n","protected":false},"author":1,"featured_media":273207,"comment_status":"closed","ping_status":"closed","sticky":false,"template":"","format":"standard","meta":{"footnotes":""},"categories":[458,459,17988],"tags":[],"class_list":["post-273206","post","type-post","status-publish","format-standard","has-post-thumbnail","","category-dunya1","category-haberler-arap-uluslararasi-politika","category-son-haberler"],"_links":{"self":[{"href":"https:\/\/archive.sana.sy\/tr\/index.php?rest_route=\/wp\/v2\/posts\/273206","targetHints":{"allow":["GET"]}}],"collection":[{"href":"https:\/\/archive.sana.sy\/tr\/index.php?rest_route=\/wp\/v2\/posts"}],"about":[{"href":"https:\/\/archive.sana.sy\/tr\/index.php?rest_route=\/wp\/v2\/types\/post"}],"author":[{"embeddable":true,"href":"https:\/\/archive.sana.sy\/tr\/index.php?rest_route=\/wp\/v2\/users\/1"}],"replies":[{"embeddable":true,"href":"https:\/\/archive.sana.sy\/tr\/index.php?rest_route=%2Fwp%2Fv2%2Fcomments&post=273206"}],"version-history":[{"count":0,"href":"https:\/\/archive.sana.sy\/tr\/index.php?rest_route=\/wp\/v2\/posts\/273206\/revisions"}],"wp:featuredmedia":[{"embeddable":true,"href":"https:\/\/archive.sana.sy\/tr\/index.php?rest_route=\/wp\/v2\/media\/273207"}],"wp:attachment":[{"href":"https:\/\/archive.sana.sy\/tr\/index.php?rest_route=%2Fwp%2Fv2%2Fmedia&parent=273206"}],"wp:term":[{"taxonomy":"category","embeddable":true,"href":"https:\/\/archive.sana.sy\/tr\/index.php?rest_route=%2Fwp%2Fv2%2Fcategories&post=273206"},{"taxonomy":"post_tag","embeddable":true,"href":"https:\/\/archive.sana.sy\/tr\/index.php?rest_route=%2Fwp%2Fv2%2Ftags&post=273206"}],"curies":[{"name":"wp","href":"https:\/\/api.w.org\/{rel}","templated":true}]}}