{"id":273209,"date":"2023-02-07T11:15:15","date_gmt":"2023-02-07T09:15:15","guid":{"rendered":"https:\/\/sana.sy\/tr\/?p=273209"},"modified":"2023-02-07T11:15:15","modified_gmt":"2023-02-07T09:15:15","slug":"suriye-arap-kizilayi-baskani-muh-halid-hbubati-duzenledigi-basin-toplantisinda-yikici-depremin-yansimalariyla-yuzlesmek-icin-suriyeye-uygulanan-ablukanin-ve-ekonomik-yaptirimlarin-kaldirilmasi-ca","status":"publish","type":"post","link":"https:\/\/archive.sana.sy\/tr\/?p=273209","title":{"rendered":"Suriye Arap K\u0131z\u0131lay\u0131 Ba\u015fkan\u0131 M\u00fch. Halid Hbubati, d\u00fczenledi\u011fi bas\u0131n toplant\u0131s\u0131nda: Y\u0131k\u0131c\u0131 depremin yans\u0131malar\u0131yla y\u00fczle\u015fmek i\u00e7in Suriye&#8217;ye uygulanan ablukan\u0131n ve ekonomik yapt\u0131r\u0131mlar\u0131n kald\u0131r\u0131lmas\u0131 \u00e7a\u011fr\u0131s\u0131nda bulunuyoruz"},"content":{"rendered":"","protected":false},"excerpt":{"rendered":"","protected":false},"author":39,"featured_media":0,"comment_status":"closed","ping_status":"closed","sticky":false,"template":"","format":"standard","meta":{"footnotes":""},"categories":[17991],"tags":[],"class_list":["post-273209","post","type-post","status-publish","format-standard","","category-son-dakika"],"_links":{"self":[{"href":"https:\/\/archive.sana.sy\/tr\/index.php?rest_route=\/wp\/v2\/posts\/273209","targetHints":{"allow":["GET"]}}],"collection":[{"href":"https:\/\/archive.sana.sy\/tr\/index.php?rest_route=\/wp\/v2\/posts"}],"about":[{"href":"https:\/\/archive.sana.sy\/tr\/index.php?rest_route=\/wp\/v2\/types\/post"}],"author":[{"embeddable":true,"href":"https:\/\/archive.sana.sy\/tr\/index.php?rest_route=\/wp\/v2\/users\/39"}],"replies":[{"embeddable":true,"href":"https:\/\/archive.sana.sy\/tr\/index.php?rest_route=%2Fwp%2Fv2%2Fcomments&post=273209"}],"version-history":[{"count":0,"href":"https:\/\/archive.sana.sy\/tr\/index.php?rest_route=\/wp\/v2\/posts\/273209\/revisions"}],"wp:attachment":[{"href":"https:\/\/archive.sana.sy\/tr\/index.php?rest_route=%2Fwp%2Fv2%2Fmedia&parent=273209"}],"wp:term":[{"taxonomy":"category","embeddable":true,"href":"https:\/\/archive.sana.sy\/tr\/index.php?rest_route=%2Fwp%2Fv2%2Fcategories&post=273209"},{"taxonomy":"post_tag","embeddable":true,"href":"https:\/\/archive.sana.sy\/tr\/index.php?rest_route=%2Fwp%2Fv2%2Ftags&post=273209"}],"curies":[{"name":"wp","href":"https:\/\/api.w.org\/{rel}","templated":true}]}}