{"id":27322,"date":"2015-03-23T13:06:00","date_gmt":"2015-03-23T11:06:00","guid":{"rendered":"http:\/\/www.sana.sy\/tr\/?p=27322"},"modified":"2015-03-23T13:13:37","modified_gmt":"2015-03-23T11:13:37","slug":"suveyda-kirsalinda-mahrukat-nakil-hattina-teror-saldirisi-cokertildi","status":"publish","type":"post","link":"https:\/\/archive.sana.sy\/tr\/?p=27322","title":{"rendered":"S\u00fcveyda K\u0131rsal\u0131nda Mahrukat Nakil Hatt\u0131na Ter\u00f6r Sald\u0131r\u0131s\u0131 \u00c7\u00f6kertildi"},"content":{"rendered":"<p>S\u00dcVEYDA \u2013 G\u00fcvenlik Birimleri S\u00fcveyda bat\u0131 k\u0131rsal\u0131n\u0131n Ureyka Beldesi ile Dera do\u011fu k\u0131rsal\u0131 \u0130zra\u2019 kenti aras\u0131ndaki yak\u0131t nakil hatt\u0131na y\u00f6nelik ter\u00f6r sald\u0131r\u0131s\u0131 giri\u015fimini \u00e7\u00f6kertti.<\/p>\n<p>S\u00fcveyda Valili\u011finde bir kaynak SANA muhabirine a\u00e7\u0131klamas\u0131nda, g\u00fcvenlik birimlerinin halk savunma gruplar\u0131n\u0131n i\u015fbirli\u011fiyle, Urayka-\u0130zra\u2019 aras\u0131ndaki yak\u0131t nakil hatt\u0131na d\u00fcn gece sald\u0131r\u0131 giri\u015fiminde bulunan, ter\u00f6ristlerle Um el Alak B\u00f6lgesinde \u00e7at\u0131\u015ft\u0131klar\u0131n\u0131 s\u00f6yledi.<\/p>\n<p>Kaynak, sald\u0131rgan ter\u00f6ristlerden ikisinin yakaland\u0131\u011f\u0131n\u0131 geri kalanlar\u0131n ise ka\u00e7t\u0131klar\u0131n\u0131 belirterek hatt\u0131n hi\u00e7 bir zarara u\u011framad\u0131\u011f\u0131n\u0131 ekledi.<\/p>\n<p>Kendi y\u00f6n\u00fcnden S\u00fcveyda Mahrukat \u015eubesi m\u00fcd\u00fcr\u00fc Halit Tayfur, mahrukat nakil hatt\u0131n\u0131n halihaz\u0131rdaki \u015fartlar neticesinde 2 y\u0131ldan bu yana \u00e7al\u0131\u015fmad\u0131\u011f\u0131n\u0131 s\u00f6yledi.<\/p>\n<p>S.\u015e<\/p>\n","protected":false},"excerpt":{"rendered":"<p>S\u00dcVEYDA \u2013 G\u00fcvenlik Birimleri S\u00fcveyda bat\u0131 k\u0131rsal\u0131n\u0131n Ureyka Beldesi ile Dera do\u011fu k\u0131rsal\u0131 \u0130zra\u2019 kenti aras\u0131ndaki yak\u0131t nakil hatt\u0131na y\u00f6nelik ter\u00f6r sald\u0131r\u0131s\u0131 giri\u015fimini \u00e7\u00f6kertti. S\u00fcveyda Valili\u011finde bir kaynak SANA muhabirine a\u00e7\u0131klamas\u0131nda, g\u00fcvenlik birimlerinin halk savunma gruplar\u0131n\u0131n i\u015fbirli\u011fiyle, Urayka-\u0130zra\u2019 aras\u0131ndaki yak\u0131t nakil hatt\u0131na d\u00fcn gece sald\u0131r\u0131 giri\u015fiminde bulunan, ter\u00f6ristlerle Um el Alak B\u00f6lgesinde \u00e7at\u0131\u015ft\u0131klar\u0131n\u0131 s\u00f6yledi. Kaynak, &hellip;<\/p>\n","protected":false},"author":1,"featured_media":27325,"comment_status":"closed","ping_status":"closed","sticky":false,"template":"","format":"standard","meta":{"footnotes":""},"categories":[575],"tags":[12830],"class_list":["post-27322","post","type-post","status-publish","format-standard","has-post-thumbnail","","category-olaylar-ve-gercekler","tag-suveyda-kirsalinda-mahrukat-nakil-hattina-teror-saldirisi-cokertildi"],"_links":{"self":[{"href":"https:\/\/archive.sana.sy\/tr\/index.php?rest_route=\/wp\/v2\/posts\/27322","targetHints":{"allow":["GET"]}}],"collection":[{"href":"https:\/\/archive.sana.sy\/tr\/index.php?rest_route=\/wp\/v2\/posts"}],"about":[{"href":"https:\/\/archive.sana.sy\/tr\/index.php?rest_route=\/wp\/v2\/types\/post"}],"author":[{"embeddable":true,"href":"https:\/\/archive.sana.sy\/tr\/index.php?rest_route=\/wp\/v2\/users\/1"}],"replies":[{"embeddable":true,"href":"https:\/\/archive.sana.sy\/tr\/index.php?rest_route=%2Fwp%2Fv2%2Fcomments&post=27322"}],"version-history":[{"count":0,"href":"https:\/\/archive.sana.sy\/tr\/index.php?rest_route=\/wp\/v2\/posts\/27322\/revisions"}],"wp:featuredmedia":[{"embeddable":true,"href":"https:\/\/archive.sana.sy\/tr\/index.php?rest_route=\/wp\/v2\/media\/27325"}],"wp:attachment":[{"href":"https:\/\/archive.sana.sy\/tr\/index.php?rest_route=%2Fwp%2Fv2%2Fmedia&parent=27322"}],"wp:term":[{"taxonomy":"category","embeddable":true,"href":"https:\/\/archive.sana.sy\/tr\/index.php?rest_route=%2Fwp%2Fv2%2Fcategories&post=27322"},{"taxonomy":"post_tag","embeddable":true,"href":"https:\/\/archive.sana.sy\/tr\/index.php?rest_route=%2Fwp%2Fv2%2Ftags&post=27322"}],"curies":[{"name":"wp","href":"https:\/\/api.w.org\/{rel}","templated":true}]}}