{"id":273260,"date":"2023-02-07T12:49:31","date_gmt":"2023-02-07T10:49:31","guid":{"rendered":"https:\/\/sana.sy\/tr\/?p=273260"},"modified":"2023-02-08T07:10:51","modified_gmt":"2023-02-08T05:10:51","slug":"hamada-depremzede-sayisi-49-vefat-67-yaraliya-yukseldi","status":"publish","type":"post","link":"https:\/\/archive.sana.sy\/tr\/?p=273260","title":{"rendered":"Hama&#8217;da Depremzede Say\u0131s\u0131 49 Vefat 67 Yaral\u0131ya Y\u00fckseldi"},"content":{"rendered":"<p><strong>HAMA<\/strong> &#8211; Hama ilindeki depremzedelerin say\u0131s\u0131 \u015fimdiye kadar 49 vefat ve 67 yaral\u0131ya y\u00fckseldi.<\/p>\n<p>Hama Sa\u011fl\u0131k M\u00fcd\u00fcrl\u00fc\u011f\u00fc M\u00fcd\u00fcr\u00fc Dr. Cihad Abura, SANA muhabirine yapt\u0131\u011f\u0131 a\u00e7\u0131klamada, Hama Ulusal Hastanesi&#8217;nin \u015fehir merkezi ve \u00e7evre k\u00f6ylerden 41 \u00f6l\u00fc ve 30 yaral\u0131 ald\u0131\u011f\u0131n\u0131, Al Gab b\u00f6lgesindeki Al Sukaylbiye Ulusal Hastanesi&#8217;ne ise 8 vefat durumunun vard\u0131\u011f\u0131n\u0131 ve 37 yaral\u0131n\u0131n tedavi alt\u0131na al\u0131nd\u0131\u011f\u0131n\u0131, 6 hafif yaral\u0131n\u0131n da \u00f6zel hastanelere sevk edildi\u011fini s\u00f6yledi.<\/p>\n<p>Devlet hastanelerinin, ba\u011f\u0131ms\u0131z kurulu\u015flar\u0131n ve sa\u011fl\u0131k b\u00f6lgelerinin t\u00fcm yaral\u0131lar\u0131 almak ve onlara gerekli acil servisleri sa\u011flamak i\u00e7in hala y\u00fcksek alarm durumunda oldu\u011funa dikkat \u00e7ekti.<\/p>\n<p><a href=\"https:\/\/t.me\/SuriyeArapHaberAjansI\">Telegram Kanal\u0131m\u0131z\u00a0<\/a><\/p>\n<p><a href=\"https:\/\/www.facebook.com\/SANAHaberAjansi\/\">Facebook Sayfam\u0131z<\/a><\/p>\n","protected":false},"excerpt":{"rendered":"<p>HAMA &#8211; Hama ilindeki depremzedelerin say\u0131s\u0131 \u015fimdiye kadar 49 vefat ve 67 yaral\u0131ya y\u00fckseldi. Hama Sa\u011fl\u0131k M\u00fcd\u00fcrl\u00fc\u011f\u00fc M\u00fcd\u00fcr\u00fc Dr. Cihad Abura, SANA muhabirine yapt\u0131\u011f\u0131 a\u00e7\u0131klamada, Hama Ulusal Hastanesi&#8217;nin \u015fehir merkezi ve \u00e7evre k\u00f6ylerden 41 \u00f6l\u00fc ve 30 yaral\u0131 ald\u0131\u011f\u0131n\u0131, Al Gab b\u00f6lgesindeki Al Sukaylbiye Ulusal Hastanesi&#8217;ne ise 8 vefat durumunun vard\u0131\u011f\u0131n\u0131 ve 37 yaral\u0131n\u0131n tedavi &hellip;<\/p>\n","protected":false},"author":1,"featured_media":273262,"comment_status":"closed","ping_status":"closed","sticky":false,"template":"","format":"standard","meta":{"footnotes":""},"categories":[479,17988,478],"tags":[],"class_list":["post-273260","post","type-post","status-publish","format-standard","has-post-thumbnail","","category-haberler-yerel","category-son-haberler","category-yerel"],"_links":{"self":[{"href":"https:\/\/archive.sana.sy\/tr\/index.php?rest_route=\/wp\/v2\/posts\/273260","targetHints":{"allow":["GET"]}}],"collection":[{"href":"https:\/\/archive.sana.sy\/tr\/index.php?rest_route=\/wp\/v2\/posts"}],"about":[{"href":"https:\/\/archive.sana.sy\/tr\/index.php?rest_route=\/wp\/v2\/types\/post"}],"author":[{"embeddable":true,"href":"https:\/\/archive.sana.sy\/tr\/index.php?rest_route=\/wp\/v2\/users\/1"}],"replies":[{"embeddable":true,"href":"https:\/\/archive.sana.sy\/tr\/index.php?rest_route=%2Fwp%2Fv2%2Fcomments&post=273260"}],"version-history":[{"count":0,"href":"https:\/\/archive.sana.sy\/tr\/index.php?rest_route=\/wp\/v2\/posts\/273260\/revisions"}],"wp:featuredmedia":[{"embeddable":true,"href":"https:\/\/archive.sana.sy\/tr\/index.php?rest_route=\/wp\/v2\/media\/273262"}],"wp:attachment":[{"href":"https:\/\/archive.sana.sy\/tr\/index.php?rest_route=%2Fwp%2Fv2%2Fmedia&parent=273260"}],"wp:term":[{"taxonomy":"category","embeddable":true,"href":"https:\/\/archive.sana.sy\/tr\/index.php?rest_route=%2Fwp%2Fv2%2Fcategories&post=273260"},{"taxonomy":"post_tag","embeddable":true,"href":"https:\/\/archive.sana.sy\/tr\/index.php?rest_route=%2Fwp%2Fv2%2Ftags&post=273260"}],"curies":[{"name":"wp","href":"https:\/\/api.w.org\/{rel}","templated":true}]}}