{"id":273264,"date":"2023-02-07T12:54:08","date_gmt":"2023-02-07T10:54:08","guid":{"rendered":"https:\/\/sana.sy\/tr\/?p=273264"},"modified":"2023-02-08T07:10:55","modified_gmt":"2023-02-08T05:10:55","slug":"hububati-kurtarma-operasyonlarina-devam-etmek-ve-depremin-enkazini-kaldirmak-icin-agir-ekipmanlara-ambulanslara-ve-itfaiye-araclarina-ihtiyacimiz-var","status":"publish","type":"post","link":"https:\/\/archive.sana.sy\/tr\/?p=273264","title":{"rendered":"Hububati: Kurtarma Operasyonlar\u0131na Devam Etmek Ve Depremin Enkaz\u0131n\u0131 Kald\u0131rmak \u0130\u00e7in A\u011f\u0131r Ekipmanlara, Ambulanslara Ve \u0130tfaiye Ara\u00e7lar\u0131na \u0130htiyac\u0131m\u0131z Var"},"content":{"rendered":"<p><strong>\u015eAM<\/strong> &#8211; Suriye Arap K\u0131z\u0131lay\u0131 Ba\u015fkan\u0131 Halid Hbubati, y\u0131k\u0131c\u0131 depremin yans\u0131malar\u0131yla y\u00fczle\u015fmek i\u00e7in Suriye&#8217;ye uygulanan ambargo ve ekonomik yapt\u0131r\u0131mlar\u0131n kald\u0131r\u0131lmas\u0131 \u00e7a\u011fr\u0131s\u0131nda bulundu.<\/p>\n<p>Hububati d\u00fczenledi\u011fi bas\u0131n toplant\u0131s\u0131nda, &#8220;Enkazlar\u0131 kurtarmaya ve kald\u0131rmaya devam etmek i\u00e7in a\u011f\u0131r ekipmana, ambulanslara ve itfaiye ara\u00e7lar\u0131na ihtiyac\u0131m\u0131z var ve bu, Suriye&#8217;ye y\u00f6nelik yapt\u0131r\u0131mlar\u0131n bir an \u00f6nce kald\u0131r\u0131lmas\u0131n\u0131 gerektiriyor&#8221; dedi.<\/p>\n<p>Hububati, &#8220;Kurban say\u0131s\u0131n\u0131n artmas\u0131 muhtemel, baz\u0131 binalar hala \u00e7\u00f6kme riskiyle kar\u015f\u0131 kar\u015f\u0131ya. Depremin sonu\u00e7lar\u0131 felaket ve g\u00f6n\u00fcll\u00fclerimiz haz\u0131r, ancak ekipman eksikli\u011fimiz var&#8221; dedi.<\/p>\n<p>Hububati, h\u00fck\u00fcmetin Halep&#8217;te 126, Lazkiye&#8217;de 23, Hama&#8217;da 5, Homs&#8217;ta 3 ve Tartus&#8217;ta 3 s\u0131\u011f\u0131nak tahsis etti\u011fini belirtti.<\/p>\n<p>Hububati, &#8220;\u00c7ok say\u0131da \u00fclkedeki Suriyeli gurbet\u00e7ilerden telefonlar ald\u0131k ve ba\u011f\u0131\u015f almak i\u00e7in Suriye bankalar\u0131nda hesap a\u00e7aca\u011f\u0131z&#8221; dedi.<\/p>\n<p>Hububati, ulusal ve insani yard\u0131m \u00e7a\u011fr\u0131s\u0131 yapt\u0131.. Yard\u0131m edecek \u00fclkelerden ambargonun kald\u0131r\u0131lmas\u0131 \u00e7abalar\u0131n\u0131 art\u0131rmalar\u0131n\u0131 rica etti.<\/p>\n<p><a href=\"https:\/\/t.me\/SuriyeArapHaberAjansI\">Telegram Kanal\u0131m\u0131z\u00a0<\/a><\/p>\n<p><a href=\"https:\/\/www.facebook.com\/SANAHaberAjansi\/\">Facebook Sayfam\u0131z<\/a><\/p>\n","protected":false},"excerpt":{"rendered":"<p>\u015eAM &#8211; Suriye Arap K\u0131z\u0131lay\u0131 Ba\u015fkan\u0131 Halid Hbubati, y\u0131k\u0131c\u0131 depremin yans\u0131malar\u0131yla y\u00fczle\u015fmek i\u00e7in Suriye&#8217;ye uygulanan ambargo ve ekonomik yapt\u0131r\u0131mlar\u0131n kald\u0131r\u0131lmas\u0131 \u00e7a\u011fr\u0131s\u0131nda bulundu. Hububati d\u00fczenledi\u011fi bas\u0131n toplant\u0131s\u0131nda, &#8220;Enkazlar\u0131 kurtarmaya ve kald\u0131rmaya devam etmek i\u00e7in a\u011f\u0131r ekipmana, ambulanslara ve itfaiye ara\u00e7lar\u0131na ihtiyac\u0131m\u0131z var ve bu, Suriye&#8217;ye y\u00f6nelik yapt\u0131r\u0131mlar\u0131n bir an \u00f6nce kald\u0131r\u0131lmas\u0131n\u0131 gerektiriyor&#8221; dedi. Hububati, &#8220;Kurban say\u0131s\u0131n\u0131n &hellip;<\/p>\n","protected":false},"author":1,"featured_media":273265,"comment_status":"closed","ping_status":"closed","sticky":false,"template":"","format":"standard","meta":{"footnotes":""},"categories":[479,17988,478],"tags":[],"class_list":["post-273264","post","type-post","status-publish","format-standard","has-post-thumbnail","","category-haberler-yerel","category-son-haberler","category-yerel"],"_links":{"self":[{"href":"https:\/\/archive.sana.sy\/tr\/index.php?rest_route=\/wp\/v2\/posts\/273264","targetHints":{"allow":["GET"]}}],"collection":[{"href":"https:\/\/archive.sana.sy\/tr\/index.php?rest_route=\/wp\/v2\/posts"}],"about":[{"href":"https:\/\/archive.sana.sy\/tr\/index.php?rest_route=\/wp\/v2\/types\/post"}],"author":[{"embeddable":true,"href":"https:\/\/archive.sana.sy\/tr\/index.php?rest_route=\/wp\/v2\/users\/1"}],"replies":[{"embeddable":true,"href":"https:\/\/archive.sana.sy\/tr\/index.php?rest_route=%2Fwp%2Fv2%2Fcomments&post=273264"}],"version-history":[{"count":0,"href":"https:\/\/archive.sana.sy\/tr\/index.php?rest_route=\/wp\/v2\/posts\/273264\/revisions"}],"wp:featuredmedia":[{"embeddable":true,"href":"https:\/\/archive.sana.sy\/tr\/index.php?rest_route=\/wp\/v2\/media\/273265"}],"wp:attachment":[{"href":"https:\/\/archive.sana.sy\/tr\/index.php?rest_route=%2Fwp%2Fv2%2Fmedia&parent=273264"}],"wp:term":[{"taxonomy":"category","embeddable":true,"href":"https:\/\/archive.sana.sy\/tr\/index.php?rest_route=%2Fwp%2Fv2%2Fcategories&post=273264"},{"taxonomy":"post_tag","embeddable":true,"href":"https:\/\/archive.sana.sy\/tr\/index.php?rest_route=%2Fwp%2Fv2%2Ftags&post=273264"}],"curies":[{"name":"wp","href":"https:\/\/api.w.org\/{rel}","templated":true}]}}