{"id":273267,"date":"2023-02-07T12:55:48","date_gmt":"2023-02-07T10:55:48","guid":{"rendered":"https:\/\/sana.sy\/tr\/?p=273267"},"modified":"2023-02-08T07:10:58","modified_gmt":"2023-02-08T05:10:58","slug":"lazkiyede-depremzede-sayisi-389-vefat-746-yaraliya-yukseldi","status":"publish","type":"post","link":"https:\/\/archive.sana.sy\/tr\/?p=273267","title":{"rendered":"Lazkiye&#8217;de Depremzede Say\u0131s\u0131 389 Vefat 746 Yaral\u0131ya Y\u00fckseldi"},"content":{"rendered":"<p><strong>LAZKIYE<\/strong> &#8211; Lazkiye ilindeki deprem kurbanlar\u0131n\u0131n say\u0131s\u0131 bu sabah 389 vefat ve 746 yaral\u0131ya y\u00fckseldi.<\/p>\n<p>Valilik Genel Sekreteri Refet Muhammed, SANA muhabirine yapt\u0131\u011f\u0131 a\u00e7\u0131klamada, depremde y\u0131k\u0131lan binalarda enkaz kald\u0131rma ve hayatta kalanlar\u0131 arama \u00e7al\u0131\u015fmalar\u0131n\u0131n s\u00fcrd\u00fcr\u00fcld\u00fc\u011f\u00fcn\u00fc belirtti.<\/p>\n<p>Buna kar\u015f\u0131l\u0131k Ceble Kent Konseyi Ba\u015fkan\u0131 Ahmed Kandil de benzer bir a\u00e7\u0131klamada Ceble&#8217;de bug\u00fcne kadar 182 ki\u015finin hayat\u0131n\u0131 kaybetti\u011fini, aralar\u0131nda kad\u0131n ve \u00e7ocuklar\u0131n da bulundu\u011fu 200&#8217;den fazla yaral\u0131n\u0131n oldu\u011funu belirtti.<\/p>\n<p><a href=\"https:\/\/t.me\/SuriyeArapHaberAjansI\">Telegram Kanal\u0131m\u0131z\u00a0<\/a><\/p>\n<p><a href=\"https:\/\/www.facebook.com\/SANAHaberAjansi\/\">Facebook Sayfam\u0131z<\/a><\/p>\n","protected":false},"excerpt":{"rendered":"<p>LAZKIYE &#8211; Lazkiye ilindeki deprem kurbanlar\u0131n\u0131n say\u0131s\u0131 bu sabah 389 vefat ve 746 yaral\u0131ya y\u00fckseldi. Valilik Genel Sekreteri Refet Muhammed, SANA muhabirine yapt\u0131\u011f\u0131 a\u00e7\u0131klamada, depremde y\u0131k\u0131lan binalarda enkaz kald\u0131rma ve hayatta kalanlar\u0131 arama \u00e7al\u0131\u015fmalar\u0131n\u0131n s\u00fcrd\u00fcr\u00fcld\u00fc\u011f\u00fcn\u00fc belirtti. Buna kar\u015f\u0131l\u0131k Ceble Kent Konseyi Ba\u015fkan\u0131 Ahmed Kandil de benzer bir a\u00e7\u0131klamada Ceble&#8217;de bug\u00fcne kadar 182 ki\u015finin hayat\u0131n\u0131 kaybetti\u011fini, &hellip;<\/p>\n","protected":false},"author":39,"featured_media":273268,"comment_status":"closed","ping_status":"closed","sticky":false,"template":"","format":"standard","meta":{"footnotes":""},"categories":[479,17988,478],"tags":[],"class_list":["post-273267","post","type-post","status-publish","format-standard","has-post-thumbnail","","category-haberler-yerel","category-son-haberler","category-yerel"],"_links":{"self":[{"href":"https:\/\/archive.sana.sy\/tr\/index.php?rest_route=\/wp\/v2\/posts\/273267","targetHints":{"allow":["GET"]}}],"collection":[{"href":"https:\/\/archive.sana.sy\/tr\/index.php?rest_route=\/wp\/v2\/posts"}],"about":[{"href":"https:\/\/archive.sana.sy\/tr\/index.php?rest_route=\/wp\/v2\/types\/post"}],"author":[{"embeddable":true,"href":"https:\/\/archive.sana.sy\/tr\/index.php?rest_route=\/wp\/v2\/users\/39"}],"replies":[{"embeddable":true,"href":"https:\/\/archive.sana.sy\/tr\/index.php?rest_route=%2Fwp%2Fv2%2Fcomments&post=273267"}],"version-history":[{"count":0,"href":"https:\/\/archive.sana.sy\/tr\/index.php?rest_route=\/wp\/v2\/posts\/273267\/revisions"}],"wp:featuredmedia":[{"embeddable":true,"href":"https:\/\/archive.sana.sy\/tr\/index.php?rest_route=\/wp\/v2\/media\/273268"}],"wp:attachment":[{"href":"https:\/\/archive.sana.sy\/tr\/index.php?rest_route=%2Fwp%2Fv2%2Fmedia&parent=273267"}],"wp:term":[{"taxonomy":"category","embeddable":true,"href":"https:\/\/archive.sana.sy\/tr\/index.php?rest_route=%2Fwp%2Fv2%2Fcategories&post=273267"},{"taxonomy":"post_tag","embeddable":true,"href":"https:\/\/archive.sana.sy\/tr\/index.php?rest_route=%2Fwp%2Fv2%2Ftags&post=273267"}],"curies":[{"name":"wp","href":"https:\/\/api.w.org\/{rel}","templated":true}]}}