{"id":273270,"date":"2023-02-07T13:06:53","date_gmt":"2023-02-07T11:06:53","guid":{"rendered":"https:\/\/sana.sy\/tr\/?p=273270"},"modified":"2023-02-08T07:11:01","modified_gmt":"2023-02-08T05:11:01","slug":"hama-depremin-enkazi-altinda-kalanlarin-tahliye-ve-kurtarilma-calismalari-tamamlandi","status":"publish","type":"post","link":"https:\/\/archive.sana.sy\/tr\/?p=273270","title":{"rendered":"Hama.. Depremin Enkaz\u0131 Alt\u0131nda Kalanlar\u0131n Tahliye Ve Kurtar\u0131lma \u00c7al\u0131\u015fmalar\u0131 Tamamland\u0131"},"content":{"rendered":"<p><strong>HAMA<\/strong> &#8211; Hama \u0130tfaiyesi Komutan\u0131 Tu\u011fgeneral Sair Al Hasan, SANA muhabirine kurtarma operasyonlar\u0131n\u0131n ba\u015flamas\u0131ndan 15 saat sonra tahliye \u00e7al\u0131\u015fmalar\u0131n\u0131n sona erdi\u011fini ve enkaz alt\u0131nda kalanlar\u0131n kurtar\u0131ld\u0131\u011f\u0131n\u0131 \u015fu anda da depremin yol a\u00e7t\u0131\u011f\u0131 hasarlar\u0131n de\u011ferlendirildi\u011fini ilan etti.<\/p>\n<p><a href=\"https:\/\/t.me\/SuriyeArapHaberAjansI\">Telegram Kanal\u0131m\u0131z\u00a0<\/a><\/p>\n<p><a href=\"https:\/\/www.facebook.com\/SANAHaberAjansi\/\">Facebook Sayfam\u0131z<\/a><\/p>\n","protected":false},"excerpt":{"rendered":"<p>HAMA &#8211; Hama \u0130tfaiyesi Komutan\u0131 Tu\u011fgeneral Sair Al Hasan, SANA muhabirine kurtarma operasyonlar\u0131n\u0131n ba\u015flamas\u0131ndan 15 saat sonra tahliye \u00e7al\u0131\u015fmalar\u0131n\u0131n sona erdi\u011fini ve enkaz alt\u0131nda kalanlar\u0131n kurtar\u0131ld\u0131\u011f\u0131n\u0131 \u015fu anda da depremin yol a\u00e7t\u0131\u011f\u0131 hasarlar\u0131n de\u011ferlendirildi\u011fini ilan etti. Telegram Kanal\u0131m\u0131z\u00a0 Facebook Sayfam\u0131z<\/p>\n","protected":false},"author":39,"featured_media":273271,"comment_status":"closed","ping_status":"closed","sticky":false,"template":"","format":"standard","meta":{"footnotes":""},"categories":[479,17988,478],"tags":[],"class_list":["post-273270","post","type-post","status-publish","format-standard","has-post-thumbnail","","category-haberler-yerel","category-son-haberler","category-yerel"],"_links":{"self":[{"href":"https:\/\/archive.sana.sy\/tr\/index.php?rest_route=\/wp\/v2\/posts\/273270","targetHints":{"allow":["GET"]}}],"collection":[{"href":"https:\/\/archive.sana.sy\/tr\/index.php?rest_route=\/wp\/v2\/posts"}],"about":[{"href":"https:\/\/archive.sana.sy\/tr\/index.php?rest_route=\/wp\/v2\/types\/post"}],"author":[{"embeddable":true,"href":"https:\/\/archive.sana.sy\/tr\/index.php?rest_route=\/wp\/v2\/users\/39"}],"replies":[{"embeddable":true,"href":"https:\/\/archive.sana.sy\/tr\/index.php?rest_route=%2Fwp%2Fv2%2Fcomments&post=273270"}],"version-history":[{"count":0,"href":"https:\/\/archive.sana.sy\/tr\/index.php?rest_route=\/wp\/v2\/posts\/273270\/revisions"}],"wp:featuredmedia":[{"embeddable":true,"href":"https:\/\/archive.sana.sy\/tr\/index.php?rest_route=\/wp\/v2\/media\/273271"}],"wp:attachment":[{"href":"https:\/\/archive.sana.sy\/tr\/index.php?rest_route=%2Fwp%2Fv2%2Fmedia&parent=273270"}],"wp:term":[{"taxonomy":"category","embeddable":true,"href":"https:\/\/archive.sana.sy\/tr\/index.php?rest_route=%2Fwp%2Fv2%2Fcategories&post=273270"},{"taxonomy":"post_tag","embeddable":true,"href":"https:\/\/archive.sana.sy\/tr\/index.php?rest_route=%2Fwp%2Fv2%2Ftags&post=273270"}],"curies":[{"name":"wp","href":"https:\/\/api.w.org\/{rel}","templated":true}]}}