{"id":273274,"date":"2023-02-07T13:09:26","date_gmt":"2023-02-07T11:09:26","guid":{"rendered":"https:\/\/sana.sy\/tr\/?p=273274"},"modified":"2023-02-07T13:09:26","modified_gmt":"2023-02-07T11:09:26","slug":"lazkiye-valisi-amir-hilal-sanaya-ceble-kentine-bagli-el-fayd-mahallesinde-harap-bir-binanin-enkazi-altindan-iki-cocuk-ve-bir-kadin-kurtarilirken-depremde-yikilan-binalarin-enkazini-kaldirma","status":"publish","type":"post","link":"https:\/\/archive.sana.sy\/tr\/?p=273274","title":{"rendered":"Lazkiye Valisi Amir Hilal SANA\u2019ya: Ceble kentine ba\u011fl\u0131 El Fayd mahallesinde harap bir binan\u0131n enkaz\u0131 alt\u0131ndan iki \u00e7ocuk ve bir kad\u0131n kurtar\u0131l\u0131rken, depremde y\u0131k\u0131lan binalar\u0131n enkaz\u0131n\u0131 kald\u0131rma ve hayatta kalanlar\u0131 arama \u00e7al\u0131\u015fmalar\u0131 s\u00fcr\u00fcyor."},"content":{"rendered":"","protected":false},"excerpt":{"rendered":"","protected":false},"author":39,"featured_media":0,"comment_status":"closed","ping_status":"closed","sticky":false,"template":"","format":"standard","meta":{"footnotes":""},"categories":[17991],"tags":[],"class_list":["post-273274","post","type-post","status-publish","format-standard","","category-son-dakika"],"_links":{"self":[{"href":"https:\/\/archive.sana.sy\/tr\/index.php?rest_route=\/wp\/v2\/posts\/273274","targetHints":{"allow":["GET"]}}],"collection":[{"href":"https:\/\/archive.sana.sy\/tr\/index.php?rest_route=\/wp\/v2\/posts"}],"about":[{"href":"https:\/\/archive.sana.sy\/tr\/index.php?rest_route=\/wp\/v2\/types\/post"}],"author":[{"embeddable":true,"href":"https:\/\/archive.sana.sy\/tr\/index.php?rest_route=\/wp\/v2\/users\/39"}],"replies":[{"embeddable":true,"href":"https:\/\/archive.sana.sy\/tr\/index.php?rest_route=%2Fwp%2Fv2%2Fcomments&post=273274"}],"version-history":[{"count":0,"href":"https:\/\/archive.sana.sy\/tr\/index.php?rest_route=\/wp\/v2\/posts\/273274\/revisions"}],"wp:attachment":[{"href":"https:\/\/archive.sana.sy\/tr\/index.php?rest_route=%2Fwp%2Fv2%2Fmedia&parent=273274"}],"wp:term":[{"taxonomy":"category","embeddable":true,"href":"https:\/\/archive.sana.sy\/tr\/index.php?rest_route=%2Fwp%2Fv2%2Fcategories&post=273274"},{"taxonomy":"post_tag","embeddable":true,"href":"https:\/\/archive.sana.sy\/tr\/index.php?rest_route=%2Fwp%2Fv2%2Ftags&post=273274"}],"curies":[{"name":"wp","href":"https:\/\/api.w.org\/{rel}","templated":true}]}}